{"id":294252,"date":"2023-12-29T15:53:23","date_gmt":"2023-12-29T12:53:23","guid":{"rendered":"https:\/\/sana.sy\/tr\/?p=294252"},"modified":"2024-01-02T08:31:44","modified_gmt":"2024-01-02T05:31:44","slug":"aksa-tufani-operasyonunda-yeni-bir-gun-one-cikan-gelismeler-2","status":"publish","type":"post","link":"https:\/\/archive.sana.sy\/tr\/?p=294252","title":{"rendered":"Aksa Tufan\u0131 Operasyonu\u2019nda Yeni Bir G\u00fcn\u2026 \u00d6ne \u00c7\u0131kan Geli\u015fmeler"},"content":{"rendered":"<p style=\"text-align: justify;\"><strong>\u0130\u015eGAL ED\u0130LEN KUD\u00dcS 29 ARALIK 2023 (SANA)<\/strong>\u00a0\u2013 Filistin direni\u015finin \u0130\u015fgalci \u0130srail\u2019in Sald\u0131rganl\u0131klar\u0131na yan\u0131t olarak 7 Ekim\u2019de ba\u015flatt\u0131\u011f\u0131 Aksa Tufan\u0131 Operasyonu\u2019nda \u00f6ne \u00e7\u0131kan geli\u015fmeler:<\/p>\n<ul>\n<li style=\"text-align: justify;\">Filistin direni\u015fi, Gazze \u015eeridi&#8217;nin g\u00fcneyindeki Han Yunus kentinde iki Siyonist d\u00fc\u015fman tank\u0131n\u0131 &#8220;Yasin 105&#8221; toplar\u0131yla imha etti.<\/li>\n<li style=\"text-align: justify;\">Filistin D\u0131\u015fi\u015fleri Bakanl\u0131\u011f\u0131, Gazze \u015eeridi&#8217;ne y\u00f6nelik sald\u0131r\u0131n\u0131n durdurulmas\u0131 i\u00e7in BM&#8217;den kesin ve acil bir karar al\u0131nmas\u0131 \u00e7a\u011fr\u0131s\u0131nda bulundu.<\/li>\n<li style=\"text-align: justify;\">Filistin direni\u015fi, Gazze \u015eeridi&#8217;nin kuzeyindeki Beyt Hanun&#8217;da Siyonist d\u00fc\u015fman Skylark 2 ke\u015fif u\u00e7a\u011f\u0131n\u0131 d\u00fc\u015f\u00fcrd\u00fc ve Abasan b\u00f6lgesindeki havan toplar\u0131yla d\u00fc\u015fman yo\u011funla\u015fmalar\u0131n\u0131 hedef ald\u0131.<\/li>\n<li style=\"text-align: justify;\">Filistin Sa\u011fl\u0131k Bakanl\u0131\u011f\u0131: \u0130srail&#8217;in Gazze \u015eeridi&#8217;nde devam eden sald\u0131r\u0131s\u0131n\u0131n kurbanlar\u0131n\u0131n say\u0131s\u0131 84&#8217;\u00fcnc\u00fc g\u00fcnde 21 bin 507 \u015fehit ve 55 bin 915 yaral\u0131ya y\u00fckseldi.<\/li>\n<li style=\"text-align: justify;\">Filistin Sa\u011fl\u0131k Bakanl\u0131\u011f\u0131: \u0130srail i\u015fgalinin Gazze \u015eeridi&#8217;ne y\u00f6nelik son 24 saatte sald\u0131r\u0131lar\u0131 sonucunda 187 Filistinli \u015fehit oldu, 312 Filistinli de yaraland\u0131.<\/li>\n<li style=\"text-align: justify;\">Filistin direni\u015fi, Bureij kamp\u0131n\u0131n kuzeyindeki bir binada bulunan \u0130srail i\u015fgal kuvvetini g\u00fc\u00e7lendirilmi\u015f mermilerle hedef al\u0131yor ve onlarla s\u0131f\u0131r mesafeden \u00e7at\u0131\u015farak \u00fcyelerinin \u00f6ld\u00fcr\u00fclmesine veya yaralanmas\u0131na neden oldu.<\/li>\n<li style=\"text-align: justify;\">Filistin direni\u015fi, Gazze \u015eeridi&#8217;nin merkezindeki Bureij kamp\u0131n\u0131n kuzeyinde &#8220;Yassin 105&#8221; mermisi ta\u015f\u0131yan D9 Siyonist d\u00fc\u015fman buldozerini hedef alarak do\u011frudan isabet elde etti.<\/li>\n<li style=\"text-align: justify;\">Filistin Direni\u015fi: Sava\u015f\u00e7\u0131lar\u0131m\u0131z, Bureij kamp\u0131n\u0131n kuzeyinde Siyonist d\u00fc\u015fman\u0131n piyade birli\u011fi ve ona ait baz\u0131 askeri ara\u00e7larda 4 varil bombas\u0131 ve anti-personel cihaz\u0131ndan olu\u015fan may\u0131n tarlas\u0131n\u0131 patlatmay\u0131 ba\u015fard\u0131.<\/li>\n<li style=\"text-align: justify;\"><a href=\"http:\/\/Griffiths: Gazze\u2019ye Girmeden \u00d6nce Ve Girdikten Sonra Engeller Ve Bombalamalar Nedeniyle Yard\u0131m Ula\u015ft\u0131rmak \u0130mkans\u0131z Hale Geldi\">Griffiths: Gazze&#8217;ye girmeden \u00f6nce ve girdikten sonra engeller ve bombalamalar nedeniyle yard\u0131m ula\u015ft\u0131r\u0131lmas\u0131 imkans\u0131z hale geldi.<\/a><\/li>\n<li style=\"text-align: justify;\">Filistin medyas\u0131: \u0130srail i\u015fgalinin Gazze \u015eeridi&#8217;nin merkezindeki Bureij m\u00fclteci kamp\u0131ndaki bir evi bombalamas\u0131 sonucu 4 \u015fehit.<\/li>\n<li style=\"text-align: justify;\">\u0130srail i\u015fgal ordusu, Gazze \u015eeridi&#8217;nde Filistin direni\u015fiyle \u00e7\u0131kan \u00e7at\u0131\u015fmalarda bir subay\u0131n \u00f6ld\u00fcr\u00fcld\u00fc\u011f\u00fcn\u00fc, 2 askerinin de a\u011f\u0131r yaraland\u0131\u011f\u0131n\u0131 itiraf etti.<\/li>\n<li style=\"text-align: justify;\">Filistin medyas\u0131: \u0130srail i\u015fgalinin Gazze \u015eeridi&#8217;nin g\u00fcneyinde Refah&#8217;\u0131n do\u011fusunda bir evi bombalamas\u0131 sonucu be\u015f \u015fehit.<\/li>\n<li style=\"text-align: justify;\"><a href=\"https:\/\/www.sana.sy\/tr\/?p=294256\">\u0130srail&#8217;in Nuseyrat kamp\u0131n\u0131 bombalamas\u0131nda 20 Filistinli \u015fehit oldu.<\/a><\/li>\n<li style=\"text-align: justify;\">Filistin medyas\u0131: \u0130srail i\u015fgalinin Gazze \u015eeridi&#8217;nin merkezindeki Maghazi kamp\u0131ndaki bir evi bombalamas\u0131 sonucu 4 \u015fehit ve \u00e7ok say\u0131da yaral\u0131.<\/li>\n<li style=\"text-align: justify;\">Filistin medyas\u0131: \u0130srail i\u015fgal u\u00e7a\u011f\u0131n\u0131n Gazze \u015eeridi&#8217;nin merkezindeki Nuseyrat kamp\u0131n\u0131 bombalamas\u0131 sonucu 20 \u015fehit ve onlarca kay\u0131p.<br \/>\n\u200b<\/li>\n<\/ul>\n<p style=\"text-align: center;\"><strong><a href=\"https:\/\/t.me\/SuriyeArapHaberAjansI\">Telegram Kanal\u0131m\u0131z\u00a0<\/a>||<a href=\"https:\/\/twitter.com\/arap_ajans\">X Platformumuz\u00a0<\/a>||<a href=\"https:\/\/www.facebook.com\/SANAHaberAjansi\/\">Facebook Sayfam\u0131z<\/a><\/strong><\/p>\n","protected":false},"excerpt":{"rendered":"<p>\u0130\u015eGAL ED\u0130LEN KUD\u00dcS 29 ARALIK 2023 (SANA)\u00a0\u2013 Filistin direni\u015finin \u0130\u015fgalci \u0130srail\u2019in Sald\u0131rganl\u0131klar\u0131na yan\u0131t olarak 7 Ekim\u2019de ba\u015flatt\u0131\u011f\u0131 Aksa Tufan\u0131 Operasyonu\u2019nda \u00f6ne \u00e7\u0131kan geli\u015fmeler: Filistin direni\u015fi, Gazze \u015eeridi&#8217;nin g\u00fcneyindeki Han Yunus kentinde iki Siyonist d\u00fc\u015fman tank\u0131n\u0131 &#8220;Yasin 105&#8221; toplar\u0131yla imha etti. Filistin D\u0131\u015fi\u015fleri Bakanl\u0131\u011f\u0131, Gazze \u015eeridi&#8217;ne y\u00f6nelik sald\u0131r\u0131n\u0131n durdurulmas\u0131 i\u00e7in BM&#8217;den kesin ve acil bir karar &hellip;<\/p>\n","protected":false},"author":39,"featured_media":294253,"comment_status":"closed","ping_status":"closed","sticky":false,"template":"","format":"standard","meta":{"footnotes":""},"categories":[458,459,17988],"tags":[],"class_list":["post-294252","post","type-post","status-publish","format-standard","has-post-thumbnail","","category-dunya1","category-haberler-arap-uluslararasi-politika","category-son-haberler"],"_links":{"self":[{"href":"https:\/\/archive.sana.sy\/tr\/index.php?rest_route=\/wp\/v2\/posts\/294252","targetHints":{"allow":["GET"]}}],"collection":[{"href":"https:\/\/archive.sana.sy\/tr\/index.php?rest_route=\/wp\/v2\/posts"}],"about":[{"href":"https:\/\/archive.sana.sy\/tr\/index.php?rest_route=\/wp\/v2\/types\/post"}],"author":[{"embeddable":true,"href":"https:\/\/archive.sana.sy\/tr\/index.php?rest_route=\/wp\/v2\/users\/39"}],"replies":[{"embeddable":true,"href":"https:\/\/archive.sana.sy\/tr\/index.php?rest_route=%2Fwp%2Fv2%2Fcomments&post=294252"}],"version-history":[{"count":7,"href":"https:\/\/archive.sana.sy\/tr\/index.php?rest_route=\/wp\/v2\/posts\/294252\/revisions"}],"predecessor-version":[{"id":294281,"href":"https:\/\/archive.sana.sy\/tr\/index.php?rest_route=\/wp\/v2\/posts\/294252\/revisions\/294281"}],"wp:featuredmedia":[{"embeddable":true,"href":"https:\/\/archive.sana.sy\/tr\/index.php?rest_route=\/wp\/v2\/media\/294253"}],"wp:attachment":[{"href":"https:\/\/archive.sana.sy\/tr\/index.php?rest_route=%2Fwp%2Fv2%2Fmedia&parent=294252"}],"wp:term":[{"taxonomy":"category","embeddable":true,"href":"https:\/\/archive.sana.sy\/tr\/index.php?rest_route=%2Fwp%2Fv2%2Fcategories&post=294252"},{"taxonomy":"post_tag","embeddable":true,"href":"https:\/\/archive.sana.sy\/tr\/index.php?rest_route=%2Fwp%2Fv2%2Ftags&post=294252"}],"curies":[{"name":"wp","href":"https:\/\/api.w.org\/{rel}","templated":true}]}}