{"id":294256,"date":"2023-12-29T12:55:56","date_gmt":"2023-12-29T09:55:56","guid":{"rendered":"https:\/\/sana.sy\/tr\/?p=294256"},"modified":"2024-01-02T08:31:27","modified_gmt":"2024-01-02T05:31:27","slug":"israilin-nuseyrat-ve-el-megazi-kamplarina-duzenledigi-saldirida-35-filistinli-sehit-dustu","status":"publish","type":"post","link":"https:\/\/archive.sana.sy\/tr\/?p=294256","title":{"rendered":"\u0130srail&#8217;in Nuseyrat Ve El Me\u011fazi Kamplar\u0131na D\u00fczenledi\u011fi Sald\u0131r\u0131da 35 Filistinli \u015eehit D\u00fc\u015ft\u00fc"},"content":{"rendered":"<p style=\"text-align: justify;\"><strong>\u0130\u015eGAL ED\u0130LEN KUD\u00dcS 29 ARALIK 2023 (SANA)<\/strong>\u00a0\u2013\u0130srail&#8217;in i\u015fgalci Gazze \u015eeridi&#8217;nin merkezindeki Nuseyrat ve El Me\u011fazi kamplar\u0131n\u0131 bug\u00fcn \u015fafak vakti bombalamas\u0131 sonucu 35 Filistinli \u015fehit d\u00fc\u015ft\u00fc, \u00e7ok say\u0131da ki\u015fi de yaraland\u0131.<\/p>\n<p style=\"text-align: justify;\">Filistin medyas\u0131, i\u015fgal u\u00e7aklar ve top\u00e7ular\u0131n\u0131n, Gazze \u015eeridi&#8217;nin merkezindeki Nuseyrat kamp\u0131ndaki bombard\u0131man\u0131 sonucu 20 Filistinlinin \u015fehit d\u00fc\u015ft\u00fc\u011f\u00fcn\u00fc belirtti.<\/p>\n<p style=\"text-align: justify;\">Medya ayr\u0131ca, evlerin enkaz\u0131 alt\u0131nda onlarca kay\u0131p ki\u015finin bulundu\u011funu, \u0130srail bombard\u0131man\u0131n\u0131n yo\u011funlu\u011fu nedeniyle kurtarma ve ambulans ekiplerinin bu kay\u0131plara ula\u015famad\u0131\u011f\u0131n\u0131 a\u00e7\u0131klad\u0131.<\/p>\n<p style=\"text-align: center;\"><strong><a href=\"https:\/\/t.me\/SuriyeArapHaberAjansI\">Telegram Kanal\u0131m\u0131z\u00a0<\/a>||<a href=\"https:\/\/twitter.com\/arap_ajans\">X Platformumuz\u00a0<\/a>||<a href=\"https:\/\/www.facebook.com\/SANAHaberAjansi\/\">Facebook Sayfam\u0131z<\/a><\/strong><\/p>\n","protected":false},"excerpt":{"rendered":"<p>\u0130\u015eGAL ED\u0130LEN KUD\u00dcS 29 ARALIK 2023 (SANA)\u00a0\u2013\u0130srail&#8217;in i\u015fgalci Gazze \u015eeridi&#8217;nin merkezindeki Nuseyrat ve El Me\u011fazi kamplar\u0131n\u0131 bug\u00fcn \u015fafak vakti bombalamas\u0131 sonucu 35 Filistinli \u015fehit d\u00fc\u015ft\u00fc, \u00e7ok say\u0131da ki\u015fi de yaraland\u0131. Filistin medyas\u0131, i\u015fgal u\u00e7aklar ve top\u00e7ular\u0131n\u0131n, Gazze \u015eeridi&#8217;nin merkezindeki Nuseyrat kamp\u0131ndaki bombard\u0131man\u0131 sonucu 20 Filistinlinin \u015fehit d\u00fc\u015ft\u00fc\u011f\u00fcn\u00fc belirtti. Medya ayr\u0131ca, evlerin enkaz\u0131 alt\u0131nda onlarca kay\u0131p &hellip;<\/p>\n","protected":false},"author":39,"featured_media":294257,"comment_status":"closed","ping_status":"closed","sticky":false,"template":"","format":"standard","meta":{"footnotes":""},"categories":[458,459,17988],"tags":[],"class_list":["post-294256","post","type-post","status-publish","format-standard","has-post-thumbnail","","category-dunya1","category-haberler-arap-uluslararasi-politika","category-son-haberler"],"_links":{"self":[{"href":"https:\/\/archive.sana.sy\/tr\/index.php?rest_route=\/wp\/v2\/posts\/294256","targetHints":{"allow":["GET"]}}],"collection":[{"href":"https:\/\/archive.sana.sy\/tr\/index.php?rest_route=\/wp\/v2\/posts"}],"about":[{"href":"https:\/\/archive.sana.sy\/tr\/index.php?rest_route=\/wp\/v2\/types\/post"}],"author":[{"embeddable":true,"href":"https:\/\/archive.sana.sy\/tr\/index.php?rest_route=\/wp\/v2\/users\/39"}],"replies":[{"embeddable":true,"href":"https:\/\/archive.sana.sy\/tr\/index.php?rest_route=%2Fwp%2Fv2%2Fcomments&post=294256"}],"version-history":[{"count":2,"href":"https:\/\/archive.sana.sy\/tr\/index.php?rest_route=\/wp\/v2\/posts\/294256\/revisions"}],"predecessor-version":[{"id":294263,"href":"https:\/\/archive.sana.sy\/tr\/index.php?rest_route=\/wp\/v2\/posts\/294256\/revisions\/294263"}],"wp:featuredmedia":[{"embeddable":true,"href":"https:\/\/archive.sana.sy\/tr\/index.php?rest_route=\/wp\/v2\/media\/294257"}],"wp:attachment":[{"href":"https:\/\/archive.sana.sy\/tr\/index.php?rest_route=%2Fwp%2Fv2%2Fmedia&parent=294256"}],"wp:term":[{"taxonomy":"category","embeddable":true,"href":"https:\/\/archive.sana.sy\/tr\/index.php?rest_route=%2Fwp%2Fv2%2Fcategories&post=294256"},{"taxonomy":"post_tag","embeddable":true,"href":"https:\/\/archive.sana.sy\/tr\/index.php?rest_route=%2Fwp%2Fv2%2Ftags&post=294256"}],"curies":[{"name":"wp","href":"https:\/\/api.w.org\/{rel}","templated":true}]}}