{"id":294260,"date":"2023-12-29T08:35:14","date_gmt":"2023-12-29T05:35:14","guid":{"rendered":"https:\/\/sana.sy\/tr\/?p=294260"},"modified":"2024-01-02T08:30:39","modified_gmt":"2024-01-02T05:30:39","slug":"irak-direnisi-deyrezzor-kirsalindaki-koniko-sahasindaki-amerikan-isgal-guclerini-hedef-aldi","status":"publish","type":"post","link":"https:\/\/archive.sana.sy\/tr\/?p=294260","title":{"rendered":"Irak Direni\u015fi, Deyrezzor K\u0131rsal\u0131ndaki Koniko Sahas\u0131ndaki Amerikan \u0130\u015fgal G\u00fc\u00e7lerini Hedef Ald\u0131"},"content":{"rendered":"<p style=\"text-align: justify;\"><strong>BA\u011eDAT 29 ARALIK 2023 (SANA) &#8211; <\/strong>Irak direni\u015fi, Deyrezzor k\u0131rsal\u0131ndaki Koniko petrol sahas\u0131nda bulunan Amerikan i\u015fgal g\u00fc\u00e7lerini f\u00fczeleriyle hedef alarak do\u011frudan isabetler sa\u011flad\u0131.<\/p>\n<p style=\"text-align: justify;\">Direni\u015f yapt\u0131\u011f\u0131 a\u00e7\u0131klamada, &#8220;Irak ve b\u00f6lgedeki Amerikan i\u015fgal g\u00fc\u00e7lerine direnme ve Siyonist varl\u0131\u011f\u0131n Gazze&#8217;de halk\u0131m\u0131za y\u00f6nelik katliamlar\u0131na yan\u0131t verme yakla\u015f\u0131m\u0131m\u0131z\u0131n bir devam\u0131 olarak, sava\u015f\u00e7\u0131lar\u0131m\u0131z Koniko petrol sahas\u0131ndaki i\u015fgal \u00fcss\u00fcn\u00fc do\u011frudan hedeflerini vurarak f\u00fczeleriyle hedef ald\u0131&#8221; dedi.<\/p>\n<p style=\"text-align: justify;\"><strong>\u00a0<\/strong>Irak direni\u015fi ayr\u0131ca, i\u015fgal edilen Filistin topraklar\u0131ndaki \u0130srail d\u00fc\u015fman\u0131n\u0131n bir hedefini ve Kuzey Irak&#8217;taki bir casus merkezini uygun silahlarla bombalad\u0131\u011f\u0131n\u0131 duyurdu.<\/p>\n<p style=\"text-align: center;\"><strong><a href=\"https:\/\/t.me\/SuriyeArapHaberAjansI\">Telegram Kanal\u0131m\u0131z\u00a0<\/a>||<a href=\"https:\/\/twitter.com\/arap_ajans\">X Platformumuz\u00a0<\/a>||<a href=\"https:\/\/www.facebook.com\/SANAHaberAjansi\/\">Facebook Sayfam\u0131z<\/a><\/strong><\/p>\n","protected":false},"excerpt":{"rendered":"<p>BA\u011eDAT 29 ARALIK 2023 (SANA) &#8211; Irak direni\u015fi, Deyrezzor k\u0131rsal\u0131ndaki Koniko petrol sahas\u0131nda bulunan Amerikan i\u015fgal g\u00fc\u00e7lerini f\u00fczeleriyle hedef alarak do\u011frudan isabetler sa\u011flad\u0131. Direni\u015f yapt\u0131\u011f\u0131 a\u00e7\u0131klamada, &#8220;Irak ve b\u00f6lgedeki Amerikan i\u015fgal g\u00fc\u00e7lerine direnme ve Siyonist varl\u0131\u011f\u0131n Gazze&#8217;de halk\u0131m\u0131za y\u00f6nelik katliamlar\u0131na yan\u0131t verme yakla\u015f\u0131m\u0131m\u0131z\u0131n bir devam\u0131 olarak, sava\u015f\u00e7\u0131lar\u0131m\u0131z Koniko petrol sahas\u0131ndaki i\u015fgal \u00fcss\u00fcn\u00fc do\u011frudan hedeflerini vurarak &hellip;<\/p>\n","protected":false},"author":39,"featured_media":294261,"comment_status":"closed","ping_status":"closed","sticky":false,"template":"","format":"standard","meta":{"footnotes":""},"categories":[458,459,17988],"tags":[],"class_list":["post-294260","post","type-post","status-publish","format-standard","has-post-thumbnail","","category-dunya1","category-haberler-arap-uluslararasi-politika","category-son-haberler"],"_links":{"self":[{"href":"https:\/\/archive.sana.sy\/tr\/index.php?rest_route=\/wp\/v2\/posts\/294260","targetHints":{"allow":["GET"]}}],"collection":[{"href":"https:\/\/archive.sana.sy\/tr\/index.php?rest_route=\/wp\/v2\/posts"}],"about":[{"href":"https:\/\/archive.sana.sy\/tr\/index.php?rest_route=\/wp\/v2\/types\/post"}],"author":[{"embeddable":true,"href":"https:\/\/archive.sana.sy\/tr\/index.php?rest_route=\/wp\/v2\/users\/39"}],"replies":[{"embeddable":true,"href":"https:\/\/archive.sana.sy\/tr\/index.php?rest_route=%2Fwp%2Fv2%2Fcomments&post=294260"}],"version-history":[{"count":1,"href":"https:\/\/archive.sana.sy\/tr\/index.php?rest_route=\/wp\/v2\/posts\/294260\/revisions"}],"predecessor-version":[{"id":294262,"href":"https:\/\/archive.sana.sy\/tr\/index.php?rest_route=\/wp\/v2\/posts\/294260\/revisions\/294262"}],"wp:featuredmedia":[{"embeddable":true,"href":"https:\/\/archive.sana.sy\/tr\/index.php?rest_route=\/wp\/v2\/media\/294261"}],"wp:attachment":[{"href":"https:\/\/archive.sana.sy\/tr\/index.php?rest_route=%2Fwp%2Fv2%2Fmedia&parent=294260"}],"wp:term":[{"taxonomy":"category","embeddable":true,"href":"https:\/\/archive.sana.sy\/tr\/index.php?rest_route=%2Fwp%2Fv2%2Fcategories&post=294260"},{"taxonomy":"post_tag","embeddable":true,"href":"https:\/\/archive.sana.sy\/tr\/index.php?rest_route=%2Fwp%2Fv2%2Ftags&post=294260"}],"curies":[{"name":"wp","href":"https:\/\/api.w.org\/{rel}","templated":true}]}}