{"id":294269,"date":"2023-12-29T15:01:18","date_gmt":"2023-12-29T12:01:18","guid":{"rendered":"https:\/\/sana.sy\/tr\/?p=294269"},"modified":"2024-01-02T08:31:30","modified_gmt":"2024-01-02T05:31:30","slug":"disisleri-bakanligi-israilin-suriye-topraklarina-tekrarlanan-sadirganliklari-oldurme-ve-yok-etme-yaklasimini-surdurme-yonundeki-dogal-egilimini-yansitiyor","status":"publish","type":"post","link":"https:\/\/archive.sana.sy\/tr\/?p=294269","title":{"rendered":"Suriye: \u0130srail&#8217;in Suriye Topraklar\u0131na Tekrarlanan Sad\u0131rganl\u0131klar\u0131, \u00d6ld\u00fcrme Ve Yok Etme Yakla\u015f\u0131m\u0131n\u0131 S\u00fcrd\u00fcrme Y\u00f6n\u00fcndeki Do\u011fal E\u011filimini Yans\u0131t\u0131yor"},"content":{"rendered":"<p style=\"text-align: justify;\"><strong>\u015eAM 29 ARALIK (SANA)<\/strong> \u2013 D\u0131\u015fi\u015fleri Bakanl\u0131\u011f\u0131 ve Gurbet\u00e7iler, \u0130srail&#8217;in Suriye topraklar\u0131na tekrar tekrar d\u00fczenledi\u011fi sald\u0131r\u0131lar\u0131n, Siyonist liderler aras\u0131nda ac\u0131mas\u0131zca uygulad\u0131klar\u0131 \u00f6ld\u00fcrme ve yok etme yakla\u015f\u0131m\u0131n\u0131 s\u00fcrd\u00fcrme y\u00f6n\u00fcndeki k\u00f6kle\u015fmi\u015f e\u011filimi yans\u0131tt\u0131\u011f\u0131n\u0131 do\u011frulayarak, BM G\u00fcvenlik Konseyi&#8217;ne, Birle\u015fmi\u015f Milletler \u015eart\u0131 ve uluslararas\u0131 insanc\u0131l hukukta \u00f6ng\u00f6r\u00fclenlerin uygulanmas\u0131nda sorumluluklar\u0131n\u0131 \u00fcstlenmesi \u00e7a\u011fr\u0131s\u0131n\u0131 yineledi.<\/p>\n<p style=\"text-align: justify;\">D\u0131\u015fi\u015fleri ve Gurbet\u00e7iler Bakanl\u0131\u011f\u0131, \u0130srail&#8217;in Suriye topraklar\u0131na y\u00f6nelik sald\u0131r\u0131lar\u0131na ili\u015fkin Birle\u015fmi\u015f Milletler Genel Sekreteri ve G\u00fcvenlik Konseyi Ba\u015fkan\u0131&#8217;na yazd\u0131\u011f\u0131 mektupta \u015funlar\u0131 s\u00f6yledi: \u201c\u0130srail i\u015fgal yetkilileri, d\u00fcnya kamuoyuna, Birle\u015fmi\u015f Milletler kararlar\u0131na ve G\u00fcvenlik Konseyi \u00fcyelerinin \u00e7o\u011funun Filistin halk\u0131na kar\u015f\u0131 devam eden sald\u0131rganl\u0131\u011f\u0131n geni\u015fletilmemesi y\u00f6n\u00fcndeki \u00e7a\u011fr\u0131lar\u0131na kar\u015f\u0131 olduklar\u0131n\u0131 bir kez daha yinelediler. Bu, 28.12.2023 Per\u015fembe g\u00fcn\u00fc saat 23.55 s\u0131ralar\u0131nda i\u015fgal alt\u0131ndaki Suriye Golan y\u00f6n\u00fcnden g\u00fcney b\u00f6lgesindeki baz\u0131 noktalar\u0131 hedef alan iki yeni sald\u0131r\u0131 d\u00fczenlenerek ger\u00e7ekle\u015ftirildi. 29.12.2023 Cuma g\u00fcn\u00fc saat 01.20 s\u0131ralar\u0131nda \u0130srail d\u00fc\u015fman\u0131, L\u00fcbnan topraklar\u0131 y\u00f6n\u00fcnden \u015eam civar\u0131ndaki baz\u0131 noktalar\u0131 hedef alan bir hava sald\u0131r\u0131s\u0131 d\u00fczenledi.\u2019\u2019<\/p>\n<p style=\"text-align: justify;\">Bakanl\u0131k, Suriye Arap Cumhuriyeti&#8217;ne y\u00f6nelik bu tekrarlanan sald\u0131r\u0131lar\u0131n, Siyonist liderlerin daha fazla binlerce Filistinliyi \u00f6ld\u00fcrmek amac\u0131yla ac\u0131mas\u0131zca uygulad\u0131klar\u0131 \u00f6ld\u00fcrme ve yok etme yakla\u015f\u0131m\u0131n\u0131 s\u00fcrd\u00fcrme y\u00f6n\u00fcndeki do\u011fu\u015ftan gelen e\u011filimlerini yans\u0131tt\u0131\u011f\u0131n\u0131 vurgulad\u0131.<\/p>\n<p style=\"text-align: justify;\">Bakanl\u0131k ayr\u0131ca, \u201cAmerika Birle\u015fik Devletleri, Fransa, Britanya ve Bat\u0131l\u0131 kolektif \u00fclkelerdeki di\u011fer kat\u0131 g\u00f6r\u00fc\u015fl\u00fcler i\u00e7in \u0130srail&#8217;in uluslararas\u0131 hukuk ve uluslararas\u0131 insanc\u0131l hukuk s\u00f6zle\u015fmelerinden tek bir kelime bile b\u0131rakmad\u0131\u011f\u0131 ve bunlar\u0131 ac\u0131mas\u0131zca ihlal etmedi\u011fi a\u00e7\u0131kt\u0131r \u201d ifadelerini kulland\u0131.<\/p>\n<p style=\"text-align: justify;\">Suriye Arap Cumhuriyeti topraklar\u0131na y\u00f6nelik tekrarlanan yeni sald\u0131r\u0131lar ile L\u00fcbnan ve b\u00f6lgedeki di\u011fer Arap \u00fclkelerine y\u00f6nelik aral\u0131ks\u0131z tehditlerin Siyonist olu\u015fumun ger\u00e7ek hedeflerini g\u00f6sterdi\u011fini vurgulayan bakanl\u0131k, \u2018\u2019 &#8220;Amerika Birle\u015fik Devletleri ve di\u011fer Bat\u0131l\u0131 \u00fclkeler, adil ve kapsaml\u0131 bir bar\u0131\u015fa ula\u015fman\u0131n her zaman \u0130srail&#8217;in sava\u015f ve \u00e7at\u0131\u015fma ba\u015flatmas\u0131yla kar\u015f\u0131 kar\u015f\u0131ya oldu\u011funu biliyor. Bu, bu yap\u0131n\u0131n b\u00f6lgede bar\u0131\u015f ve istikrar istemedi\u011fini, Arap haklar\u0131 pahas\u0131na toprak ve bar\u0131\u015f istedi\u011fini g\u00f6sterdi\u201d a\u00e7\u0131klamada bulundu.<\/p>\n<p style=\"text-align: justify;\">Bakanl\u0131k a\u00e7\u0131klamas\u0131na \u015fu \u015fekilde devam etti: \u201cSuriye, bir kez daha G\u00fcvenlik Konseyi&#8217;ne, Birle\u015fmi\u015f Milletler \u015eart\u0131&#8217;nda ve uluslararas\u0131 insanc\u0131l hukukta \u00f6ng\u00f6r\u00fclenlerin uygulanmas\u0131nda sorumluluk \u00fcstlenmesi \u00e7a\u011fr\u0131s\u0131nda bulunuyor. Bu ve benzeri t\u00fcz\u00fckler \u201c\u0130srail\u201d taraf\u0131ndan t\u00fcm d\u00fcnyan\u0131n g\u00f6z\u00fc \u00f6n\u00fcnde y\u0131rt\u0131lm\u0131\u015f ve Birle\u015fmi\u015f Milletler&#8217;e ve bu uluslararas\u0131 \u00f6rg\u00fcte \u00fcye devletlerin mutlak \u00e7o\u011funlu\u011funa do\u011frudan hakaret edilmi\u015ftir. G\u00fcvenlik Konseyi&#8217;nin, \u00f6zellikle de \u0130srail sald\u0131rganl\u0131\u011f\u0131n\u0131 koruyan \u00fclkelerin, egemenliklerini, haklar\u0131n\u0131 ve \u00e7ocuklar\u0131n\u0131n hayatlar\u0131n\u0131 savunmaya y\u00f6nelik kararlar verirken halklar\u0131n deneyimlerinden ders almas\u0131 gerekiyor.\u2019\u2019<\/p>\n<p style=\"text-align: justify;\">Bakanl\u0131k a\u00e7\u0131klamas\u0131n\u0131 \u015f\u00f6yle tamamlad\u0131: \u2018\u2019Yeni y\u0131l\u0131n ba\u015flamas\u0131na g\u00fcnler kala bu anlarda, \u0130srail&#8221;in, Amerika Birle\u015fik Devletleri ve m\u00fcttefiklerinin Suriye halk\u0131na y\u00f6nelik sald\u0131r\u0131lar\u0131n\u0131 durdurman\u0131n yan\u0131 s\u0131ra, d\u00fcnya halklar\u0131, \u00f6zellikle Siyonist i\u015fgalci g\u00fc\u00e7lerin Filistin halk\u0131na kar\u015f\u0131 i\u015fledi\u011fi katliamlar\u0131 durdurmak ve gelece\u011fe insani yard\u0131m getirmek i\u00e7in sorumluluklar\u0131n\u0131n \u00f6n\u00fcnde duruyor.\u2019\u2019<\/p>\n<p style=\"text-align: center;\"><strong><a href=\"https:\/\/t.me\/SuriyeArapHaberAjansI\">Telegram Kanal\u0131m\u0131z\u00a0<\/a>||<a href=\"https:\/\/twitter.com\/arap_ajans\">X Platformumuz\u00a0<\/a>||<a href=\"https:\/\/www.facebook.com\/SANAHaberAjansi\/\">Facebook Sayfam\u0131z<\/a><\/strong><\/p>\n","protected":false},"excerpt":{"rendered":"<p>\u015eAM 29 ARALIK (SANA) \u2013 D\u0131\u015fi\u015fleri Bakanl\u0131\u011f\u0131 ve Gurbet\u00e7iler, \u0130srail&#8217;in Suriye topraklar\u0131na tekrar tekrar d\u00fczenledi\u011fi sald\u0131r\u0131lar\u0131n, Siyonist liderler aras\u0131nda ac\u0131mas\u0131zca uygulad\u0131klar\u0131 \u00f6ld\u00fcrme ve yok etme yakla\u015f\u0131m\u0131n\u0131 s\u00fcrd\u00fcrme y\u00f6n\u00fcndeki k\u00f6kle\u015fmi\u015f e\u011filimi yans\u0131tt\u0131\u011f\u0131n\u0131 do\u011frulayarak, BM G\u00fcvenlik Konseyi&#8217;ne, Birle\u015fmi\u015f Milletler \u015eart\u0131 ve uluslararas\u0131 insanc\u0131l hukukta \u00f6ng\u00f6r\u00fclenlerin uygulanmas\u0131nda sorumluluklar\u0131n\u0131 \u00fcstlenmesi \u00e7a\u011fr\u0131s\u0131n\u0131 yineledi. D\u0131\u015fi\u015fleri ve Gurbet\u00e7iler Bakanl\u0131\u011f\u0131, \u0130srail&#8217;in Suriye topraklar\u0131na &hellip;<\/p>\n","protected":false},"author":41,"featured_media":294270,"comment_status":"closed","ping_status":"closed","sticky":false,"template":"","format":"standard","meta":{"footnotes":""},"categories":[479,17988,478],"tags":[40657,40658],"class_list":["post-294269","post","type-post","status-publish","format-standard","has-post-thumbnail","","category-haberler-yerel","category-son-haberler","category-yerel","tag-disisleri-bakanligi-israilin-suriye-topraklarina-tekrarlanan-sadirganliklari","tag-oldurme-ve-yok-etme-yaklasimini-surdurme-yonundeki-dogal-egilimini-yansitiyor"],"_links":{"self":[{"href":"https:\/\/archive.sana.sy\/tr\/index.php?rest_route=\/wp\/v2\/posts\/294269","targetHints":{"allow":["GET"]}}],"collection":[{"href":"https:\/\/archive.sana.sy\/tr\/index.php?rest_route=\/wp\/v2\/posts"}],"about":[{"href":"https:\/\/archive.sana.sy\/tr\/index.php?rest_route=\/wp\/v2\/types\/post"}],"author":[{"embeddable":true,"href":"https:\/\/archive.sana.sy\/tr\/index.php?rest_route=\/wp\/v2\/users\/41"}],"replies":[{"embeddable":true,"href":"https:\/\/archive.sana.sy\/tr\/index.php?rest_route=%2Fwp%2Fv2%2Fcomments&post=294269"}],"version-history":[{"count":3,"href":"https:\/\/archive.sana.sy\/tr\/index.php?rest_route=\/wp\/v2\/posts\/294269\/revisions"}],"predecessor-version":[{"id":294273,"href":"https:\/\/archive.sana.sy\/tr\/index.php?rest_route=\/wp\/v2\/posts\/294269\/revisions\/294273"}],"wp:featuredmedia":[{"embeddable":true,"href":"https:\/\/archive.sana.sy\/tr\/index.php?rest_route=\/wp\/v2\/media\/294270"}],"wp:attachment":[{"href":"https:\/\/archive.sana.sy\/tr\/index.php?rest_route=%2Fwp%2Fv2%2Fmedia&parent=294269"}],"wp:term":[{"taxonomy":"category","embeddable":true,"href":"https:\/\/archive.sana.sy\/tr\/index.php?rest_route=%2Fwp%2Fv2%2Fcategories&post=294269"},{"taxonomy":"post_tag","embeddable":true,"href":"https:\/\/archive.sana.sy\/tr\/index.php?rest_route=%2Fwp%2Fv2%2Ftags&post=294269"}],"curies":[{"name":"wp","href":"https:\/\/api.w.org\/{rel}","templated":true}]}}