{"id":294277,"date":"2023-12-29T12:54:22","date_gmt":"2023-12-29T09:54:22","guid":{"rendered":"https:\/\/sana.sy\/tr\/?p=294277"},"modified":"2024-01-02T08:31:06","modified_gmt":"2024-01-02T05:31:06","slug":"rusya-savunmasi-bir-haftada-10-savasci-ve-iki-ukrayna-kuvvetlerine-ait-helikopter-dusuruldu","status":"publish","type":"post","link":"https:\/\/archive.sana.sy\/tr\/?p=294277","title":{"rendered":"Rusya Savunmas\u0131: Bir Haftada Ukrayna Kuvvetlerine Ait 10 Sava\u015f U\u00e7a\u011f\u0131 Ve \u0130ki  Helikopter D\u00fc\u015f\u00fcr\u00fcld\u00fc"},"content":{"rendered":"<p style=\"text-align: justify;\"><strong>MOSKOVA 29 ARALIK (SANA)<\/strong> &#8211; Rusya Savunma Bakanl\u0131\u011f\u0131, Rus kuvvetlerinin ge\u00e7en hafta ger\u00e7ekle\u015ftirdi\u011fi operasyonlarda 10 Ukraynal\u0131 sava\u015f u\u00e7a\u011f\u0131 ve iki helikopteri d\u00fc\u015f\u00fcrd\u00fc\u011f\u00fcn\u00fc duyurdu.<\/p>\n<p style=\"text-align: justify;\">Bakanl\u0131k, Rusya&#8217;n\u0131n ge\u00e7en haftaki operasyonlar\u0131n\u0131n sonu\u00e7lar\u0131na ili\u015fkin bug\u00fcn yapt\u0131\u011f\u0131 a\u00e7\u0131klamada, \u2018\u2019Rus kuvvetleri, Ukrayna ordusunun mevzilerine ve askeri altyap\u0131s\u0131na y\u00fcksek hassasiyetli silahlar ve insans\u0131z hava ara\u00e7lar\u0131yla 50 toplu sald\u0131r\u0131 ve bir yo\u011fun sald\u0131r\u0131 ger\u00e7ekle\u015ftirdi\u2019\u2019 diyerek, sald\u0131r\u0131lar\u0131n askeri sanayi kompleksinin tesislerini, askeri havalimanlar\u0131 ve cephaneliklerin altyap\u0131s\u0131n\u0131, ayr\u0131ca top\u00e7u m\u00fchimmat\u0131, drone botlar\u0131, silahlar ve askeri te\u00e7hizat i\u00e7in yak\u0131t depolama alanlar\u0131n\u0131 hedef ald\u0131\u011f\u0131n\u0131 a\u00e7\u0131klad\u0131.<\/p>\n<p style=\"text-align: justify;\">Rus Savunma Bakanl\u0131\u011f\u0131, \u2018\u2019Ukrayna Silahl\u0131 Kuvvetleri birimlerinin, Nazi olu\u015fumlar\u0131n\u0131n ve yabanc\u0131 paral\u0131 askerlerin mevzileri de sald\u0131r\u0131ya u\u011frad\u0131\u2019\u2019 iffadelerini kullanarak, belirlenen t\u00fcm hedeflerin vuruldu\u011fu do\u011fruland\u0131.<\/p>\n<p style=\"text-align: justify;\">Rus savunma verilerine g\u00f6re,<\/p>\n<ul style=\"text-align: justify;\">\n<li>Ukrayna ordusunun bir hafta i\u00e7indeki kay\u0131plar\u0131 yakla\u015f\u0131k 4.685 askerin yan\u0131 s\u0131ra Kubyansk, Krasny Liman, Zaporozhye, Kherson, g\u00fcney Donetsk ve Donetsk&#8217;teki d\u00fczinelerce askeri te\u00e7hizat\u0131 buldu.<\/li>\n<li>Rus hava savunma sistemleri 33 HIMARS ve Uragan f\u00fczesi ile 4 HARM anti-radar f\u00fczesini d\u00fc\u015f\u00fcrd\u00fc.<\/li>\n<li>Ayr\u0131ca g\u00fcd\u00fcml\u00fc bir bomba, Nept\u00fcn gemisavar f\u00fczesi ve 251 insans\u0131z hava arac\u0131n\u0131 da d\u00fc\u015f\u00fcrd\u00fc.<\/li>\n<\/ul>\n<p style=\"text-align: justify;\">Rusya savunma a\u00e7\u0131klamas\u0131nda, Rusya&#8217;n\u0131n \u00f6zel askeri operasyonunun ba\u015flang\u0131c\u0131ndan bu yana Ukrayna&#8217;daki kay\u0131plar\u0131n bilan\u00e7osu \u015f\u00f6yle a\u00e7\u0131kland\u0131:<\/p>\n<p style=\"text-align: justify;\">&#8211; 10206 dron<\/p>\n<p style=\"text-align: justify;\">&#8211; 445 u\u00e7aksavar f\u00fcze sistemi<\/p>\n<p style=\"text-align: justify;\">\u00a0 &#8211; 14.383 di\u011fer z\u0131rhl\u0131 tank<\/p>\n<p style=\"text-align: justify;\">&#8211; 1190 roketatar<\/p>\n<p style=\"text-align: justify;\">&#8211; 7.564 adet sahra topu ve havan<\/p>\n<p style=\"text-align: justify;\">&#8211; 16.833 \u00f6zel askeri ara\u00e7.<\/p>\n<p style=\"text-align: center;\"><strong><a href=\"https:\/\/t.me\/SuriyeArapHaberAjansI\">Telegram Kanal\u0131m\u0131z\u00a0<\/a>||<a href=\"https:\/\/twitter.com\/arap_ajans\">X Platformumuz\u00a0<\/a>||<a href=\"https:\/\/www.facebook.com\/SANAHaberAjansi\/\">Facebook Sayfam\u0131z<\/a><\/strong><\/p>\n","protected":false},"excerpt":{"rendered":"<p>MOSKOVA 29 ARALIK (SANA) &#8211; Rusya Savunma Bakanl\u0131\u011f\u0131, Rus kuvvetlerinin ge\u00e7en hafta ger\u00e7ekle\u015ftirdi\u011fi operasyonlarda 10 Ukraynal\u0131 sava\u015f u\u00e7a\u011f\u0131 ve iki helikopteri d\u00fc\u015f\u00fcrd\u00fc\u011f\u00fcn\u00fc duyurdu. Bakanl\u0131k, Rusya&#8217;n\u0131n ge\u00e7en haftaki operasyonlar\u0131n\u0131n sonu\u00e7lar\u0131na ili\u015fkin bug\u00fcn yapt\u0131\u011f\u0131 a\u00e7\u0131klamada, \u2018\u2019Rus kuvvetleri, Ukrayna ordusunun mevzilerine ve askeri altyap\u0131s\u0131na y\u00fcksek hassasiyetli silahlar ve insans\u0131z hava ara\u00e7lar\u0131yla 50 toplu sald\u0131r\u0131 ve bir yo\u011fun sald\u0131r\u0131 &hellip;<\/p>\n","protected":false},"author":41,"featured_media":294299,"comment_status":"closed","ping_status":"closed","sticky":false,"template":"","format":"standard","meta":{"footnotes":""},"categories":[458,459,17988],"tags":[40661],"class_list":["post-294277","post","type-post","status-publish","format-standard","has-post-thumbnail","","category-dunya1","category-haberler-arap-uluslararasi-politika","category-son-haberler","tag-rusya-savunmasi-bir-haftada-10-savasci-ve-iki-ukrayna-kuvvetlerine-ait-helikopter-dusuruldu"],"_links":{"self":[{"href":"https:\/\/archive.sana.sy\/tr\/index.php?rest_route=\/wp\/v2\/posts\/294277","targetHints":{"allow":["GET"]}}],"collection":[{"href":"https:\/\/archive.sana.sy\/tr\/index.php?rest_route=\/wp\/v2\/posts"}],"about":[{"href":"https:\/\/archive.sana.sy\/tr\/index.php?rest_route=\/wp\/v2\/types\/post"}],"author":[{"embeddable":true,"href":"https:\/\/archive.sana.sy\/tr\/index.php?rest_route=\/wp\/v2\/users\/41"}],"replies":[{"embeddable":true,"href":"https:\/\/archive.sana.sy\/tr\/index.php?rest_route=%2Fwp%2Fv2%2Fcomments&post=294277"}],"version-history":[{"count":4,"href":"https:\/\/archive.sana.sy\/tr\/index.php?rest_route=\/wp\/v2\/posts\/294277\/revisions"}],"predecessor-version":[{"id":294477,"href":"https:\/\/archive.sana.sy\/tr\/index.php?rest_route=\/wp\/v2\/posts\/294277\/revisions\/294477"}],"wp:featuredmedia":[{"embeddable":true,"href":"https:\/\/archive.sana.sy\/tr\/index.php?rest_route=\/wp\/v2\/media\/294299"}],"wp:attachment":[{"href":"https:\/\/archive.sana.sy\/tr\/index.php?rest_route=%2Fwp%2Fv2%2Fmedia&parent=294277"}],"wp:term":[{"taxonomy":"category","embeddable":true,"href":"https:\/\/archive.sana.sy\/tr\/index.php?rest_route=%2Fwp%2Fv2%2Fcategories&post=294277"},{"taxonomy":"post_tag","embeddable":true,"href":"https:\/\/archive.sana.sy\/tr\/index.php?rest_route=%2Fwp%2Fv2%2Ftags&post=294277"}],"curies":[{"name":"wp","href":"https:\/\/api.w.org\/{rel}","templated":true}]}}