{"id":294293,"date":"2023-12-29T12:55:29","date_gmt":"2023-12-29T09:55:29","guid":{"rendered":"https:\/\/sana.sy\/tr\/?p=294293"},"modified":"2024-01-02T08:31:20","modified_gmt":"2024-01-02T05:31:20","slug":"yilbasi-gecesi-dunya-nufusuna-iliskin-yeni-bir-nufus-sayimi-kaydedilecek","status":"publish","type":"post","link":"https:\/\/archive.sana.sy\/tr\/?p=294293","title":{"rendered":"Y\u0131lba\u015f\u0131 Gecesi D\u00fcnya N\u00fcfusuna \u0130li\u015fkin Yeni Bir N\u00fcfus Say\u0131m\u0131 Kaydedilecek"},"content":{"rendered":"<p style=\"text-align: justify;\"><strong>\u015eAM 29 ARALIK (SANA)<\/strong> &#8211; \u0130statistikler, ge\u00e7ti\u011fimiz y\u0131l d\u00fcnya n\u00fcfusunun art\u0131\u015f oran\u0131n\u0131n %1&#8217;in biraz alt\u0131nda oldu\u011funu g\u00f6steriyor.<\/p>\n<p style=\"text-align: justify;\">\u00a0 \u201cTalihsizlik Y\u0131l\u0131\u201d olarak adland\u0131r\u0131lan bu y\u0131lda ya\u015fanan b\u00fcy\u00fck felaketlere ra\u011fmen 2023 y\u0131l\u0131nda d\u00fcnya n\u00fcfusu yakla\u015f\u0131k 75 milyon ki\u015fi artm\u0131\u015ft\u0131r.<\/p>\n<p style=\"text-align: justify;\"><img loading=\"lazy\" decoding=\"async\" class=\"wp-image-294295 alignright\" src=\"http:\/\/sana.sy\/tr\/wp-content\/uploads\/2023\/12\/121-170430-world-population-2020_700x400.png\" alt=\"\" width=\"301\" height=\"172\" srcset=\"https:\/\/archive.sana.sy\/tr\/wp-content\/uploads\/2023\/12\/121-170430-world-population-2020_700x400.png 768w, https:\/\/archive.sana.sy\/tr\/wp-content\/uploads\/2023\/12\/121-170430-world-population-2020_700x400-300x171.png 300w\" sizes=\"auto, (max-width: 301px) 100vw, 301px\" \/>N\u00fcfus uzmanlar\u0131, ABD N\u00fcfus Say\u0131m B\u00fcrosu&#8217;nun verilerine g\u00f6re, 1 Ocak y\u0131lba\u015f\u0131 gecesi d\u00fcnya n\u00fcfusunun 8 milyardan fazla ki\u015fiye (8.019.876.189) ula\u015fmas\u0131n\u0131 bekliyor.<\/p>\n<p style=\"text-align: justify;\"><span style=\"color: #0000ff;\"><strong>Yeni do\u011fanlar \u201ckorkun\u00e7 bir d\u00fcnyaya\u201d gelmeyi reddediyor<\/strong><strong>:<\/strong><\/span><\/p>\n<p style=\"text-align: justify;\">Do\u011fum oran\u0131 her ge\u00e7en y\u0131l d\u00fc\u015f\u00fcyor, sanki bu (do\u011fumlar\u0131n) dili sanki \u201cSizin bu \u0131ss\u0131z d\u00fcnyan\u0131za gelmek istemiyoruz\u201d der gibi.<\/p>\n<p style=\"text-align: justify;\">2023 y\u0131l\u0131nda d\u00fcnyadaki mevcut do\u011fum oran\u0131, 2022&#8217;ye g\u00f6re %1,15 d\u00fc\u015f\u00fc\u015fle 1.000 ki\u015fi ba\u015f\u0131na yakla\u015f\u0131k 17.464 do\u011fumdur.<\/p>\n<p style=\"text-align: justify;\">Birle\u015fmi\u015f Milletler&#8217;in yay\u0131nlad\u0131\u011f\u0131 d\u00fcnya n\u00fcfus projeksiyon verilerine g\u00f6re, 2022 y\u0131l\u0131nda d\u00fcnyadaki do\u011fum oran\u0131 2021 y\u0131l\u0131na g\u00f6re %1,15 d\u00fc\u015f\u00fc\u015fle 1.000 ki\u015fi ba\u015f\u0131na 17.668 do\u011fuma ula\u015ft\u0131.<\/p>\n<p style=\"text-align: center;\"><strong><a href=\"https:\/\/t.me\/SuriyeArapHaberAjansI\">Telegram Kanal\u0131m\u0131z\u00a0<\/a>||<a href=\"https:\/\/twitter.com\/arap_ajans\">X Platformumuz\u00a0<\/a>||<a href=\"https:\/\/www.facebook.com\/SANAHaberAjansi\/\">Facebook Sayfam\u0131z<\/a><\/strong><\/p>\n<p style=\"text-align: justify;\">\n","protected":false},"excerpt":{"rendered":"<p>\u015eAM 29 ARALIK (SANA) &#8211; \u0130statistikler, ge\u00e7ti\u011fimiz y\u0131l d\u00fcnya n\u00fcfusunun art\u0131\u015f oran\u0131n\u0131n %1&#8217;in biraz alt\u0131nda oldu\u011funu g\u00f6steriyor. \u00a0 \u201cTalihsizlik Y\u0131l\u0131\u201d olarak adland\u0131r\u0131lan bu y\u0131lda ya\u015fanan b\u00fcy\u00fck felaketlere ra\u011fmen 2023 y\u0131l\u0131nda d\u00fcnya n\u00fcfusu yakla\u015f\u0131k 75 milyon ki\u015fi artm\u0131\u015ft\u0131r. N\u00fcfus uzmanlar\u0131, ABD N\u00fcfus Say\u0131m B\u00fcrosu&#8217;nun verilerine g\u00f6re, 1 Ocak y\u0131lba\u015f\u0131 gecesi d\u00fcnya n\u00fcfusunun 8 milyardan fazla ki\u015fiye &hellip;<\/p>\n","protected":false},"author":41,"featured_media":294294,"comment_status":"closed","ping_status":"closed","sticky":false,"template":"","format":"standard","meta":{"footnotes":""},"categories":[479,17988,478],"tags":[],"class_list":["post-294293","post","type-post","status-publish","format-standard","has-post-thumbnail","","category-haberler-yerel","category-son-haberler","category-yerel"],"_links":{"self":[{"href":"https:\/\/archive.sana.sy\/tr\/index.php?rest_route=\/wp\/v2\/posts\/294293","targetHints":{"allow":["GET"]}}],"collection":[{"href":"https:\/\/archive.sana.sy\/tr\/index.php?rest_route=\/wp\/v2\/posts"}],"about":[{"href":"https:\/\/archive.sana.sy\/tr\/index.php?rest_route=\/wp\/v2\/types\/post"}],"author":[{"embeddable":true,"href":"https:\/\/archive.sana.sy\/tr\/index.php?rest_route=\/wp\/v2\/users\/41"}],"replies":[{"embeddable":true,"href":"https:\/\/archive.sana.sy\/tr\/index.php?rest_route=%2Fwp%2Fv2%2Fcomments&post=294293"}],"version-history":[{"count":2,"href":"https:\/\/archive.sana.sy\/tr\/index.php?rest_route=\/wp\/v2\/posts\/294293\/revisions"}],"predecessor-version":[{"id":294297,"href":"https:\/\/archive.sana.sy\/tr\/index.php?rest_route=\/wp\/v2\/posts\/294293\/revisions\/294297"}],"wp:featuredmedia":[{"embeddable":true,"href":"https:\/\/archive.sana.sy\/tr\/index.php?rest_route=\/wp\/v2\/media\/294294"}],"wp:attachment":[{"href":"https:\/\/archive.sana.sy\/tr\/index.php?rest_route=%2Fwp%2Fv2%2Fmedia&parent=294293"}],"wp:term":[{"taxonomy":"category","embeddable":true,"href":"https:\/\/archive.sana.sy\/tr\/index.php?rest_route=%2Fwp%2Fv2%2Fcategories&post=294293"},{"taxonomy":"post_tag","embeddable":true,"href":"https:\/\/archive.sana.sy\/tr\/index.php?rest_route=%2Fwp%2Fv2%2Ftags&post=294293"}],"curies":[{"name":"wp","href":"https:\/\/api.w.org\/{rel}","templated":true}]}}