{"id":294411,"date":"2024-01-01T12:00:40","date_gmt":"2024-01-01T09:00:40","guid":{"rendered":"https:\/\/sana.sy\/tr\/?p=294411"},"modified":"2024-01-02T08:45:10","modified_gmt":"2024-01-02T05:45:10","slug":"aksa-tufani-operasyonu-bugunun-en-one-cikan-gelismeleri","status":"publish","type":"post","link":"https:\/\/archive.sana.sy\/tr\/?p=294411","title":{"rendered":"Aksa Tufan\u0131 Operasyonu&#8230; Bug\u00fcn\u00fcn En \u00d6ne \u00c7\u0131kan Geli\u015fmeleri"},"content":{"rendered":"<p style=\"text-align: justify;\"><strong>\u0130\u015eGAL ED\u0130LEN KUD\u00dcS 01 OCAK (SANA) &#8211;<\/strong> Filistin direni\u015finin \u0130srail i\u015fgalinin sald\u0131r\u0131lar\u0131na yan\u0131t olarak 7 Ekim&#8217;de ba\u015flatt\u0131\u011f\u0131 Aksa Tufan\u0131 Operasyonu&#8217;nda \u00f6ne \u00e7\u0131kan geli\u015fmeler:<\/p>\n<ul>\n<li style=\"text-align: justify;\">UNRWA: Gazze&#8217;ye y\u00f6nelik sald\u0131r\u0131n\u0131n ba\u015flang\u0131c\u0131ndan bu yana te\u015fkilat\u0131n tesislerinde 300&#8217;den fazla \u015fehit.<\/li>\n<li style=\"text-align: justify;\">Filistin Sa\u011fl\u0131k Bakanl\u0131\u011f\u0131: \u0130srail i\u015fgali son 24 saatte 13 katliam ger\u00e7ekle\u015ftirdi; 156 \u015fehit, 246 yaral\u0131 oldu.<\/li>\n<li style=\"text-align: justify;\">Filistin Sa\u011fl\u0131k Bakanl\u0131\u011f\u0131: \u0130srail&#8217;in Gazze \u015eeridi&#8217;nde devam eden sald\u0131rganl\u0131\u011f\u0131n\u0131n kurbanlar\u0131n\u0131n say\u0131s\u0131 87&#8217;nci g\u00fcnde 21 bin 978 \u015fehit ve 56 bin 697 yaral\u0131ya y\u00fckseldi.<\/li>\n<li style=\"text-align: justify;\">Filistin medyas\u0131: \u0130srail i\u015fgalinin Gazze \u015eeridi&#8217;nin merkezindeki Maghazi kamp\u0131ndaki bir evi bombalamas\u0131 sonucu \u00f6lenlerin say\u0131s\u0131 15 \u015fehit ve onlarca yaral\u0131ya y\u00fckseldi.<\/li>\n<li style=\"text-align: justify;\">Filistin direni\u015fi, Bureij kamp\u0131n\u0131n kuzeyinde &#8220;Yasin 105&#8221; f\u00fczesiyle Siyonist d\u00fc\u015fmana ait bir tank\u0131, Gazze \u015eeridi&#8217;nin merkezindeki kamp\u0131n do\u011fusunda ise &#8220;Bedir 1&#8221; f\u00fczeleriyle bir araya gelen asker ve ara\u00e7lar\u0131 hedef ald\u0131.<\/li>\n<li style=\"text-align: justify;\"><a href=\"https:\/\/www.sana.sy\/tr\/?p=294456\">Filistin direni\u015fi, Gazze&#8217;ye giren \u0130\u015fgalci \u0130srail g\u00fc\u00e7lerini hedef alma sonucu \u00f6l\u00fc ve yaral\u0131lar.\u00a0<\/a><\/li>\n<li style=\"text-align: justify;\">Avrupa-Akdeniz G\u00f6zlemevi: \u0130srail&#8217;in bize kar\u015f\u0131 k\u0131\u015fk\u0131rtma kampanyas\u0131, su\u00e7lar\u0131n\u0131n belgelenmesini engelleme giri\u015fimlerinin bir uzant\u0131s\u0131d\u0131r.<\/li>\n<li style=\"text-align: justify;\">Filistin medyas\u0131: \u0130srail i\u015fgal u\u00e7aklar\u0131n\u0131n Gazze \u015eeridi&#8217;nin kuzeyindeki Bir el-Naja b\u00f6lgesini bombalamas\u0131 sonucu 6 \u015fehit.<\/li>\n<li style=\"text-align: justify;\">Filistin medyas\u0131: \u0130srail i\u015fgalinin Gazze \u015eeridi&#8217;nin merkezindeki Ma\u011fazi kamp\u0131ndaki bir evi bombalamas\u0131 sonucu 3 \u015fehit ve \u00e7ok say\u0131da yaral\u0131.<\/li>\n<li style=\"text-align: justify;\">Filistin direni\u015fi: Sava\u015f\u00e7\u0131lar\u0131m\u0131z, Gazze \u015eeridi&#8217;nin merkezindeki Bureij kamp\u0131nda pusu kurarak \u00e7ok say\u0131da \u0130srail d\u00fc\u015fman askerini \u00f6ld\u00fcrd\u00fc ve yaralad\u0131.<\/li>\n<li style=\"text-align: justify;\"><a href=\"https:\/\/www.sana.sy\/tr\/?p=294426\">Gazze \u015eeridi&#8217;ne y\u00f6nelik devam eden i\u015fgal sald\u0131r\u0131s\u0131 sonucunda \u00e7ok say\u0131da Filistinli \u015fehit oldu, onlarca ki\u015fi yaraland\u0131.<\/a><\/li>\n<li style=\"text-align: justify;\">\u00a0Filistin Sa\u011fl\u0131k Bakanl\u0131\u011f\u0131: Rutin \u00e7ocukluk a\u015f\u0131lar\u0131 Gazze \u015eeridi&#8217;ne girmeye ba\u015flad\u0131.<\/li>\n<li style=\"text-align: justify;\">Filistin medyas\u0131: \u0130srail i\u015fgalinin Gazze \u015eeridi&#8217;nin merkezindeki Deir al-Balah ve al-Zawaida ile g\u00fcneyindeki Han Yunus&#8217;taki evleri bombalamas\u0131 sonucu \u015fehitler ve yaral\u0131lar.<\/li>\n<li style=\"text-align: justify;\">Filistin direni\u015fi, Gazze \u015eeridi&#8217;nin kuzeyindeki Beyt Hanun&#8217;da \u0130srail i\u015fgaline ait bir insans\u0131z hava arac\u0131n\u0131 kontrol etti.<\/li>\n<li style=\"text-align: justify;\">Filistin direni\u015fi: Gazze \u015eeridi&#8217;nin g\u00fcneyindeki Han Yunus&#8217;un merkezinde \u0130srail d\u00fc\u015fman kuvvetleriyle \u015fiddetli \u00e7at\u0131\u015fmalara giren sava\u015f\u00e7\u0131lar\u0131m\u0131z, arac\u0131n\u0131 \u201cRPG\u201d f\u00fczesiyle hedef alarak do\u011frudan isabet elde etti. Ayr\u0131ca Gazze \u015eehri&#8217;nin El-Zaytun mahallesinin g\u00fcneydo\u011fusunda asker ve ara\u00e7 toplant\u0131lar\u0131n\u0131 da havan toplar\u0131yla hedef ald\u0131lar.<\/li>\n<li style=\"text-align: justify;\">Filistin direni\u015fi, Gazze \u015eeridi&#8217;nde devam eden \u0130srail i\u015fgal katliamlar\u0131na tepki olarak \u201cTel Aviv\u201d ve \u00e7evresini f\u00fcze bombard\u0131man\u0131yla hedef ald\u0131.<\/li>\n<li style=\"text-align: justify;\">Filistin medyas\u0131: \u0130srail i\u015fgalinin Gazze \u015eeridi&#8217;nin g\u00fcneyindeki Han Yunus \u015fehrinin bat\u0131s\u0131nda bir evi bombalamas\u0131 sonucu \u015fehitler ve yaral\u0131lar.<\/li>\n<\/ul>\n<p style=\"text-align: center;\"><strong><a href=\"https:\/\/t.me\/SuriyeArapHaberAjansI\">Telegram Kanal\u0131m\u0131z\u00a0<\/a>||<a href=\"https:\/\/twitter.com\/arap_ajans\">X Platformumuz\u00a0<\/a>||<a href=\"https:\/\/www.facebook.com\/SANAHaberAjansi\/\">Facebook Sayfam\u0131z<\/a><\/strong><\/p>\n","protected":false},"excerpt":{"rendered":"<p>\u0130\u015eGAL ED\u0130LEN KUD\u00dcS 01 OCAK (SANA) &#8211; Filistin direni\u015finin \u0130srail i\u015fgalinin sald\u0131r\u0131lar\u0131na yan\u0131t olarak 7 Ekim&#8217;de ba\u015flatt\u0131\u011f\u0131 Aksa Tufan\u0131 Operasyonu&#8217;nda \u00f6ne \u00e7\u0131kan geli\u015fmeler: UNRWA: Gazze&#8217;ye y\u00f6nelik sald\u0131r\u0131n\u0131n ba\u015flang\u0131c\u0131ndan bu yana te\u015fkilat\u0131n tesislerinde 300&#8217;den fazla \u015fehit. Filistin Sa\u011fl\u0131k Bakanl\u0131\u011f\u0131: \u0130srail i\u015fgali son 24 saatte 13 katliam ger\u00e7ekle\u015ftirdi; 156 \u015fehit, 246 yaral\u0131 oldu. Filistin Sa\u011fl\u0131k Bakanl\u0131\u011f\u0131: \u0130srail&#8217;in &hellip;<\/p>\n","protected":false},"author":41,"featured_media":294412,"comment_status":"closed","ping_status":"closed","sticky":false,"template":"","format":"standard","meta":{"footnotes":""},"categories":[458,459,17988],"tags":[],"class_list":["post-294411","post","type-post","status-publish","format-standard","has-post-thumbnail","","category-dunya1","category-haberler-arap-uluslararasi-politika","category-son-haberler"],"_links":{"self":[{"href":"https:\/\/archive.sana.sy\/tr\/index.php?rest_route=\/wp\/v2\/posts\/294411","targetHints":{"allow":["GET"]}}],"collection":[{"href":"https:\/\/archive.sana.sy\/tr\/index.php?rest_route=\/wp\/v2\/posts"}],"about":[{"href":"https:\/\/archive.sana.sy\/tr\/index.php?rest_route=\/wp\/v2\/types\/post"}],"author":[{"embeddable":true,"href":"https:\/\/archive.sana.sy\/tr\/index.php?rest_route=\/wp\/v2\/users\/41"}],"replies":[{"embeddable":true,"href":"https:\/\/archive.sana.sy\/tr\/index.php?rest_route=%2Fwp%2Fv2%2Fcomments&post=294411"}],"version-history":[{"count":3,"href":"https:\/\/archive.sana.sy\/tr\/index.php?rest_route=\/wp\/v2\/posts\/294411\/revisions"}],"predecessor-version":[{"id":294467,"href":"https:\/\/archive.sana.sy\/tr\/index.php?rest_route=\/wp\/v2\/posts\/294411\/revisions\/294467"}],"wp:featuredmedia":[{"embeddable":true,"href":"https:\/\/archive.sana.sy\/tr\/index.php?rest_route=\/wp\/v2\/media\/294412"}],"wp:attachment":[{"href":"https:\/\/archive.sana.sy\/tr\/index.php?rest_route=%2Fwp%2Fv2%2Fmedia&parent=294411"}],"wp:term":[{"taxonomy":"category","embeddable":true,"href":"https:\/\/archive.sana.sy\/tr\/index.php?rest_route=%2Fwp%2Fv2%2Fcategories&post=294411"},{"taxonomy":"post_tag","embeddable":true,"href":"https:\/\/archive.sana.sy\/tr\/index.php?rest_route=%2Fwp%2Fv2%2Ftags&post=294411"}],"curies":[{"name":"wp","href":"https:\/\/api.w.org\/{rel}","templated":true}]}}