{"id":294414,"date":"2024-01-01T12:04:32","date_gmt":"2024-01-01T09:04:32","guid":{"rendered":"https:\/\/sana.sy\/tr\/?p=294414"},"modified":"2024-01-03T08:17:43","modified_gmt":"2024-01-03T05:17:43","slug":"yilbasi-munasebetiyle-samdaki-marian-katedralinde-ilahi-ayin","status":"publish","type":"post","link":"https:\/\/archive.sana.sy\/tr\/?p=294414","title":{"rendered":"Y\u0131lba\u015f\u0131 M\u00fcnasebetiyle \u015eam&#8217;daki Marian Katedrali&#8217;nde \u0130lahi Ayin"},"content":{"rendered":"<p style=\"text-align: justify;\"><strong>\u015eAM 01 OCAK (SANA)<\/strong> &#8211; Y\u0131lba\u015f\u0131 m\u00fcnasebetiyle bu sabah \u015eam&#8217;daki Marian Katedrali&#8217;nde, Antakya ve T\u00fcm Do\u011fu&#8217;nun Rum Ortodoks Patri\u011fi Hazretleri John X&#8217;in ba\u015fkanl\u0131\u011f\u0131nda bir \u0130lahi Ayin d\u00fczenlendi.<\/p>\n<p style=\"text-align: justify;\"><img loading=\"lazy\" decoding=\"async\" class=\"size-full wp-image-294440 alignright\" src=\"http:\/\/sana.sy\/tr\/wp-content\/uploads\/2024\/01\/\u064a\u0648\u062d\u0646\u0627-\u0627\u0644\u0639\u0627\u0634\u0631-300x196-1.jpg\" alt=\"\" width=\"300\" height=\"196\" \/>Patrik Hazretlerine ayine hizmet etme konusunda Halep ve \u0130skenderun Metropolitleri ve onlar\u0131n ba\u011fl\u0131lar\u0131, Humus Metropoliti ve ba\u011fl\u0131lar\u0131, Patrik Vekili ve baz\u0131 piskoposlar yard\u0131mc\u0131 oldu.<\/p>\n<p style=\"text-align: justify;\">Hazretleri Patri\u011fi John X konu\u015fmas\u0131nda \u015funlar\u0131 s\u00f6yledi: &#8220;Halk\u0131n\u0131n kaderi u\u011fruna a\u011f\u0131r bedeller \u00f6deyen, haks\u0131z bir ekonomik ku\u015fatmaya maruz kalan Suriye ve t\u00fcm halk\u0131n\u0131 ve kesimlerini etkileyen y\u0131k\u0131c\u0131 sald\u0131rgan sava\u015f\u0131n etkilerini ya\u015fayan halk i\u00e7in dua ediyoruz.&#8221;<\/p>\n<p style=\"text-align: justify;\">Kud\u00fcs ac\u0131mas\u0131z i\u015fgal alt\u0131nda ac\u0131 \u00e7ekerken, Gazze halk\u0131 i\u00e7in a\u011flayan ve ma\u011faradaki \u00e7ocu\u011fun m\u00fcjdeledi\u011fi bar\u0131\u015f\u0131n \u00f6zlemini \u00e7eken, milletlerin yolunda \u00e7arm\u0131ha gerilmi\u015f Filistin i\u00e7in de dua ediyoruz.\u201d<\/p>\n<p style=\"text-align: justify;\">Patrik John X ,\u00a0 &#8220;Bug\u00fcn, k\u0131nanan ve k\u0131nanan uluslararas\u0131 sessizlik ve eylemsizli\u011fin ortas\u0131nda, Halep Ba\u015fpiskoposlar\u0131 John \u0130brahim ve Paul Yazigi gibi karde\u015flerimiz de dahil olmak \u00fczere ka\u00e7\u0131r\u0131lanlar\u0131n ac\u0131s\u0131n\u0131 y\u00fcreklerimizle kutluyoruz&#8221; diyerek, bug\u00fcnk\u00fc dualar\u0131m\u0131z\u0131n Kutsal Kud\u00fcs ve bu Do\u011fu&#8217;nun her par\u00e7as\u0131 i\u00e7in, t\u00fcm d\u00fcnyada bar\u0131\u015f i\u00e7in oldu\u011funa i\u015faret etti.<\/p>\n<p style=\"text-align: justify;\">Patrik Hazretleri ayr\u0131ca, Suriye&#8217;yi, halk\u0131n\u0131, ordusunu ve liderini korumas\u0131, g\u00fcvenlik ve refah\u0131na kavu\u015fturmas\u0131 i\u00e7in Cenab-\u0131 Allah&#8217;a dua ederek hutbesini tamamlad\u0131.<\/p>\n<div id='gallery-1' class='gallery galleryid-294414 gallery-columns-5 gallery-size-thumbnail'><figure class='gallery-item'>\n\t\t\t<div class='gallery-icon landscape'>\n\t\t\t\t<a href='https:\/\/archive.sana.sy\/tr\/?attachment_id=294441'><img loading=\"lazy\" decoding=\"async\" width=\"150\" height=\"150\" src=\"https:\/\/archive.sana.sy\/tr\/wp-content\/uploads\/2024\/01\/DSC_0939-150x150.jpg\" class=\"attachment-thumbnail size-thumbnail\" alt=\"\" \/><\/a>\n\t\t\t<\/div><\/figure><figure class='gallery-item'>\n\t\t\t<div class='gallery-icon landscape'>\n\t\t\t\t<a href='https:\/\/archive.sana.sy\/tr\/?attachment_id=294442'><img loading=\"lazy\" decoding=\"async\" width=\"150\" height=\"150\" src=\"https:\/\/archive.sana.sy\/tr\/wp-content\/uploads\/2024\/01\/DSC_0909-150x150.jpg\" class=\"attachment-thumbnail size-thumbnail\" alt=\"\" \/><\/a>\n\t\t\t<\/div><\/figure><figure class='gallery-item'>\n\t\t\t<div class='gallery-icon landscape'>\n\t\t\t\t<a href='https:\/\/archive.sana.sy\/tr\/?attachment_id=294443'><img loading=\"lazy\" decoding=\"async\" width=\"150\" height=\"150\" src=\"https:\/\/archive.sana.sy\/tr\/wp-content\/uploads\/2024\/01\/DSC_0900-150x150.jpg\" class=\"attachment-thumbnail size-thumbnail\" alt=\"\" \/><\/a>\n\t\t\t<\/div><\/figure><figure class='gallery-item'>\n\t\t\t<div class='gallery-icon landscape'>\n\t\t\t\t<a href='https:\/\/archive.sana.sy\/tr\/?attachment_id=294444'><img loading=\"lazy\" decoding=\"async\" width=\"150\" height=\"150\" src=\"https:\/\/archive.sana.sy\/tr\/wp-content\/uploads\/2024\/01\/DSC_0887-150x150.jpg\" class=\"attachment-thumbnail size-thumbnail\" alt=\"\" \/><\/a>\n\t\t\t<\/div><\/figure><figure class='gallery-item'>\n\t\t\t<div class='gallery-icon landscape'>\n\t\t\t\t<a href='https:\/\/archive.sana.sy\/tr\/?attachment_id=294445'><img loading=\"lazy\" decoding=\"async\" width=\"150\" height=\"150\" src=\"https:\/\/archive.sana.sy\/tr\/wp-content\/uploads\/2024\/01\/DSC_0869-150x150.jpg\" class=\"attachment-thumbnail size-thumbnail\" alt=\"\" \/><\/a>\n\t\t\t<\/div><\/figure>\n\t\t<\/div>\n\n<p>&nbsp;<\/p>\n<p style=\"text-align: center;\"><strong><a href=\"https:\/\/t.me\/SuriyeArapHaberAjansI\">Telegram Kanal\u0131m\u0131z\u00a0<\/a>||<a href=\"https:\/\/twitter.com\/arap_ajans\">X Platformumuz\u00a0<\/a>||<a href=\"https:\/\/www.facebook.com\/SANAHaberAjansi\/\">Facebook Sayfam\u0131z<\/a><\/strong><\/p>\n","protected":false},"excerpt":{"rendered":"<p>\u015eAM 01 OCAK (SANA) &#8211; Y\u0131lba\u015f\u0131 m\u00fcnasebetiyle bu sabah \u015eam&#8217;daki Marian Katedrali&#8217;nde, Antakya ve T\u00fcm Do\u011fu&#8217;nun Rum Ortodoks Patri\u011fi Hazretleri John X&#8217;in ba\u015fkanl\u0131\u011f\u0131nda bir \u0130lahi Ayin d\u00fczenlendi. Patrik Hazretlerine ayine hizmet etme konusunda Halep ve \u0130skenderun Metropolitleri ve onlar\u0131n ba\u011fl\u0131lar\u0131, Humus Metropoliti ve ba\u011fl\u0131lar\u0131, Patrik Vekili ve baz\u0131 piskoposlar yard\u0131mc\u0131 oldu. Hazretleri Patri\u011fi John X &hellip;<\/p>\n","protected":false},"author":41,"featured_media":294438,"comment_status":"closed","ping_status":"closed","sticky":false,"template":"","format":"standard","meta":{"footnotes":""},"categories":[479,17988,478],"tags":[],"class_list":["post-294414","post","type-post","status-publish","format-standard","has-post-thumbnail","","category-haberler-yerel","category-son-haberler","category-yerel"],"_links":{"self":[{"href":"https:\/\/archive.sana.sy\/tr\/index.php?rest_route=\/wp\/v2\/posts\/294414","targetHints":{"allow":["GET"]}}],"collection":[{"href":"https:\/\/archive.sana.sy\/tr\/index.php?rest_route=\/wp\/v2\/posts"}],"about":[{"href":"https:\/\/archive.sana.sy\/tr\/index.php?rest_route=\/wp\/v2\/types\/post"}],"author":[{"embeddable":true,"href":"https:\/\/archive.sana.sy\/tr\/index.php?rest_route=\/wp\/v2\/users\/41"}],"replies":[{"embeddable":true,"href":"https:\/\/archive.sana.sy\/tr\/index.php?rest_route=%2Fwp%2Fv2%2Fcomments&post=294414"}],"version-history":[{"count":5,"href":"https:\/\/archive.sana.sy\/tr\/index.php?rest_route=\/wp\/v2\/posts\/294414\/revisions"}],"predecessor-version":[{"id":294446,"href":"https:\/\/archive.sana.sy\/tr\/index.php?rest_route=\/wp\/v2\/posts\/294414\/revisions\/294446"}],"wp:featuredmedia":[{"embeddable":true,"href":"https:\/\/archive.sana.sy\/tr\/index.php?rest_route=\/wp\/v2\/media\/294438"}],"wp:attachment":[{"href":"https:\/\/archive.sana.sy\/tr\/index.php?rest_route=%2Fwp%2Fv2%2Fmedia&parent=294414"}],"wp:term":[{"taxonomy":"category","embeddable":true,"href":"https:\/\/archive.sana.sy\/tr\/index.php?rest_route=%2Fwp%2Fv2%2Fcategories&post=294414"},{"taxonomy":"post_tag","embeddable":true,"href":"https:\/\/archive.sana.sy\/tr\/index.php?rest_route=%2Fwp%2Fv2%2Ftags&post=294414"}],"curies":[{"name":"wp","href":"https:\/\/api.w.org\/{rel}","templated":true}]}}