{"id":294423,"date":"2024-01-01T10:30:03","date_gmt":"2024-01-01T07:30:03","guid":{"rendered":"https:\/\/sana.sy\/tr\/?p=294423"},"modified":"2024-01-02T08:26:13","modified_gmt":"2024-01-02T05:26:13","slug":"kenaani-siyonist-varligin-suriyeye-saldirganliklari-uluslararasi-hukukun-acik-bir-ihlalidir","status":"publish","type":"post","link":"https:\/\/archive.sana.sy\/tr\/?p=294423","title":{"rendered":"Kenaani: Siyonist Varl\u0131\u011f\u0131n Suriye&#8217;ye Sald\u0131rganl\u0131klar\u0131 Uluslararas\u0131 Hukukun A\u00e7\u0131k Bir \u0130hlalidir"},"content":{"rendered":"<p style=\"text-align: justify;\"><strong>TAHRAN 01 OCAK (SANA)<\/strong> &#8211; \u0130ran D\u0131\u015fi\u015fleri Bakanl\u0131\u011f\u0131 s\u00f6zc\u00fcs\u00fc Nas\u0131r Kenaani, Siyonist varl\u0131\u011f\u0131n Suriye&#8217;ye y\u00f6nelik sald\u0131r\u0131lar\u0131n\u0131n t\u00fcm uluslararas\u0131 yasalar\u0131n a\u00e7\u0131k bir ihlali ve ihlali oldu\u011funu yineledi.<\/p>\n<p style=\"text-align: justify;\">Kenaani bug\u00fcn haftal\u0131k bas\u0131n toplant\u0131s\u0131nda, \u2018\u2019Suriye&#8217;ye y\u00f6nelik bu eylem ve sald\u0131r\u0131lar, b\u00f6lgenin g\u00fcvenli\u011fi ve istikrar\u0131na y\u00f6nelik a\u00e7\u0131k bir tehdit olu\u015fturmakta, Suriye&#8217;nin Filistin meselesine y\u00f6nelik kararl\u0131 duru\u015funu ve direni\u015f ekseninin en \u00f6nemli halkalar\u0131ndan biri oldu\u011funu g\u00f6stermektedir\u2019\u2019 dedi.<\/p>\n<p style=\"text-align: justify;\">Kenaani ayr\u0131ca, &#8220;Siyonist olu\u015fumun ter\u00f6r eylemleriyle m\u00fccadele etme sorumlulu\u011fu, uluslararas\u0131 toplumun ve ba\u015fta Birle\u015fmi\u015f Milletler G\u00fcvenlik Konseyi olmak \u00fczere t\u00fcm uluslararas\u0131 kurulu\u015flar\u0131n sorumlulu\u011fundad\u0131r&#8221; ifadelerini kulland\u0131.<\/p>\n<p style=\"text-align: justify;\">Kenaani a\u00e7\u0131klamas\u0131nda da, gasp\u00e7\u0131 yap\u0131n\u0131n politikalar\u0131n\u0131n, b\u00f6lgedeki g\u00fcvenlik ve istikrar\u0131 bozmak amac\u0131yla, ya\u015fad\u0131\u011f\u0131 gerginlik ve i\u00e7 par\u00e7alanmay\u0131 ba\u015fka \u00fclkelere aktarmak \u00fczerine kurulu oldu\u011funu a\u00e7\u0131klad\u0131.<\/p>\n<p style=\"text-align: center;\"><strong><a href=\"https:\/\/t.me\/SuriyeArapHaberAjansI\">Telegram Kanal\u0131m\u0131z\u00a0<\/a>||<a href=\"https:\/\/twitter.com\/arap_ajans\">X Platformumuz\u00a0<\/a>||<a href=\"https:\/\/www.facebook.com\/SANAHaberAjansi\/\">Facebook Sayfam\u0131z<\/a><\/strong><\/p>\n","protected":false},"excerpt":{"rendered":"<p>TAHRAN 01 OCAK (SANA) &#8211; \u0130ran D\u0131\u015fi\u015fleri Bakanl\u0131\u011f\u0131 s\u00f6zc\u00fcs\u00fc Nas\u0131r Kenaani, Siyonist varl\u0131\u011f\u0131n Suriye&#8217;ye y\u00f6nelik sald\u0131r\u0131lar\u0131n\u0131n t\u00fcm uluslararas\u0131 yasalar\u0131n a\u00e7\u0131k bir ihlali ve ihlali oldu\u011funu yineledi. Kenaani bug\u00fcn haftal\u0131k bas\u0131n toplant\u0131s\u0131nda, \u2018\u2019Suriye&#8217;ye y\u00f6nelik bu eylem ve sald\u0131r\u0131lar, b\u00f6lgenin g\u00fcvenli\u011fi ve istikrar\u0131na y\u00f6nelik a\u00e7\u0131k bir tehdit olu\u015fturmakta, Suriye&#8217;nin Filistin meselesine y\u00f6nelik kararl\u0131 duru\u015funu ve direni\u015f ekseninin &hellip;<\/p>\n","protected":false},"author":41,"featured_media":294424,"comment_status":"closed","ping_status":"closed","sticky":false,"template":"","format":"standard","meta":{"footnotes":""},"categories":[458,459,17988],"tags":[40688],"class_list":["post-294423","post","type-post","status-publish","format-standard","has-post-thumbnail","","category-dunya1","category-haberler-arap-uluslararasi-politika","category-son-haberler","tag-kenaani-siyonist-varligin-suriyeye-saldirganliklari-uluslararasi-hukukun-acik-bir-ihlalidir"],"_links":{"self":[{"href":"https:\/\/archive.sana.sy\/tr\/index.php?rest_route=\/wp\/v2\/posts\/294423","targetHints":{"allow":["GET"]}}],"collection":[{"href":"https:\/\/archive.sana.sy\/tr\/index.php?rest_route=\/wp\/v2\/posts"}],"about":[{"href":"https:\/\/archive.sana.sy\/tr\/index.php?rest_route=\/wp\/v2\/types\/post"}],"author":[{"embeddable":true,"href":"https:\/\/archive.sana.sy\/tr\/index.php?rest_route=\/wp\/v2\/users\/41"}],"replies":[{"embeddable":true,"href":"https:\/\/archive.sana.sy\/tr\/index.php?rest_route=%2Fwp%2Fv2%2Fcomments&post=294423"}],"version-history":[{"count":1,"href":"https:\/\/archive.sana.sy\/tr\/index.php?rest_route=\/wp\/v2\/posts\/294423\/revisions"}],"predecessor-version":[{"id":294425,"href":"https:\/\/archive.sana.sy\/tr\/index.php?rest_route=\/wp\/v2\/posts\/294423\/revisions\/294425"}],"wp:featuredmedia":[{"embeddable":true,"href":"https:\/\/archive.sana.sy\/tr\/index.php?rest_route=\/wp\/v2\/media\/294424"}],"wp:attachment":[{"href":"https:\/\/archive.sana.sy\/tr\/index.php?rest_route=%2Fwp%2Fv2%2Fmedia&parent=294423"}],"wp:term":[{"taxonomy":"category","embeddable":true,"href":"https:\/\/archive.sana.sy\/tr\/index.php?rest_route=%2Fwp%2Fv2%2Fcategories&post=294423"},{"taxonomy":"post_tag","embeddable":true,"href":"https:\/\/archive.sana.sy\/tr\/index.php?rest_route=%2Fwp%2Fv2%2Ftags&post=294423"}],"curies":[{"name":"wp","href":"https:\/\/api.w.org\/{rel}","templated":true}]}}