{"id":294426,"date":"2024-01-01T13:05:59","date_gmt":"2024-01-01T10:05:59","guid":{"rendered":"https:\/\/sana.sy\/tr\/?p=294426"},"modified":"2024-01-03T08:17:45","modified_gmt":"2024-01-03T05:17:45","slug":"isgalci-israilin-gazze-seridine-yonelik-devam-eden-saldirganligi-sonucu-cok-sayida-filistinli-sehit-ve-yarali","status":"publish","type":"post","link":"https:\/\/archive.sana.sy\/tr\/?p=294426","title":{"rendered":"\u0130\u015fgalci \u0130srail\u2019in Gazze \u015eeridi&#8217;ne Y\u00f6nelik Devam Eden Sald\u0131rganl\u0131\u011f\u0131 Sonucu \u00c7ok Say\u0131da Filistinli \u015eehit Ve Yaral\u0131"},"content":{"rendered":"<p style=\"text-align: justify;\"><strong>\u0130\u015eGAL EDILEN KUD\u00dcS 01 OCAK (SANA)<\/strong> &#8211; \u0130srail&#8217;in i\u015fgal alt\u0131ndaki Gazze \u015eeridi&#8217;ne y\u00f6nelik 87&#8217;nci g\u00fcn\u00fcnde s\u00fcrd\u00fcrd\u00fc\u011f\u00fc sald\u0131r\u0131lar sonucunda bug\u00fcn \u015fafak vakti \u00e7ok say\u0131da Filistinli \u015fehit oldu, onlarca ki\u015fi de yaraland\u0131.<\/p>\n<p style=\"text-align: justify;\">Wafa Ajans\u0131, \u2018\u2019 \u0130\u015fgal u\u00e7aklar\u0131 Gazze \u015eeridi&#8217;nin orta b\u00f6lgesini ve Nuseyrat kamp\u0131ndaki Ebu Davud Camii \u00e7evresini bombalad\u0131. Top\u00e7ular ise Gazze \u015eeridi&#8217;nin kuzeyindeki Cebeliye el-Balad b\u00f6lgesi \u00e7evresini ve Gazze \u015fehrinin do\u011fusundaki El-Tuffah mahallesini bombalad\u0131\u2019\u2019 dedi.<\/p>\n<p style=\"text-align: justify;\">\u0130\u015fgal u\u00e7aklar\u0131 ve top\u00e7u birliklerinin Han Yunus \u015fehrinin \u00e7e\u015fitli b\u00f6lgelerini de bombalamas\u0131, iki Filistinlinin \u015fehti d\u00fc\u015fmesine, di\u011ferlerinin de yaralanmas\u0131na yol a\u00e7arken, i\u015fgal u\u00e7aklar\u0131n\u0131n Gazze \u015fehrinin do\u011fusundaki El-Zaytun mahallesindeki b\u00f6lgeleri bombalamas\u0131 sonucu \u00e7ok say\u0131da Filistinli \u015fehit oldu ve yaraland\u0131.<\/p>\n<p style=\"text-align: justify;\">\u0130\u015fgal drone&#8217;unun Gazze \u015eeridi&#8217;nin merkezindeki Maghazi kamp\u0131ndaki bir evi bombalamas\u0131 sonucu \u00e7o\u011fu \u00e7ocuk \u00e7ok say\u0131da Filistinli yaraland\u0131.<\/p>\n<p style=\"text-align: justify;\">\u0130srail i\u015fgalinin Gazze \u015eeridi&#8217;ne y\u00f6nelik 87&#8217;nci g\u00fcn\u00fcnde s\u00fcrd\u00fcrd\u00fc\u011f\u00fc sald\u0131r\u0131lar sonucunda Filistinlilerin \u015fehit say\u0131s\u0131 21 bin 822&#8217;ye, yaral\u0131 say\u0131s\u0131 ise 56 bin 451&#8217;e y\u00fckseldi.<\/p>\n<p style=\"text-align: center;\"><strong><a href=\"https:\/\/t.me\/SuriyeArapHaberAjansI\">Telegram Kanal\u0131m\u0131z\u00a0<\/a>||<a href=\"https:\/\/twitter.com\/arap_ajans\">X Platformumuz\u00a0<\/a>||<a href=\"https:\/\/www.facebook.com\/SANAHaberAjansi\/\">Facebook Sayfam\u0131z<\/a><\/strong><\/p>\n","protected":false},"excerpt":{"rendered":"<p>\u0130\u015eGAL EDILEN KUD\u00dcS 01 OCAK (SANA) &#8211; \u0130srail&#8217;in i\u015fgal alt\u0131ndaki Gazze \u015eeridi&#8217;ne y\u00f6nelik 87&#8217;nci g\u00fcn\u00fcnde s\u00fcrd\u00fcrd\u00fc\u011f\u00fc sald\u0131r\u0131lar sonucunda bug\u00fcn \u015fafak vakti \u00e7ok say\u0131da Filistinli \u015fehit oldu, onlarca ki\u015fi de yaraland\u0131. Wafa Ajans\u0131, \u2018\u2019 \u0130\u015fgal u\u00e7aklar\u0131 Gazze \u015eeridi&#8217;nin orta b\u00f6lgesini ve Nuseyrat kamp\u0131ndaki Ebu Davud Camii \u00e7evresini bombalad\u0131. Top\u00e7ular ise Gazze \u015eeridi&#8217;nin kuzeyindeki Cebeliye el-Balad b\u00f6lgesi &hellip;<\/p>\n","protected":false},"author":41,"featured_media":294427,"comment_status":"closed","ping_status":"closed","sticky":false,"template":"","format":"standard","meta":{"footnotes":""},"categories":[458,459,17988],"tags":[40689],"class_list":["post-294426","post","type-post","status-publish","format-standard","has-post-thumbnail","","category-dunya1","category-haberler-arap-uluslararasi-politika","category-son-haberler","tag-isgalci-israilin-gazze-seridine-yonelik-devam-eden-saldirganligi-sonucu-cok-sayida-filistinli-sehit-ve-yarali"],"_links":{"self":[{"href":"https:\/\/archive.sana.sy\/tr\/index.php?rest_route=\/wp\/v2\/posts\/294426","targetHints":{"allow":["GET"]}}],"collection":[{"href":"https:\/\/archive.sana.sy\/tr\/index.php?rest_route=\/wp\/v2\/posts"}],"about":[{"href":"https:\/\/archive.sana.sy\/tr\/index.php?rest_route=\/wp\/v2\/types\/post"}],"author":[{"embeddable":true,"href":"https:\/\/archive.sana.sy\/tr\/index.php?rest_route=\/wp\/v2\/users\/41"}],"replies":[{"embeddable":true,"href":"https:\/\/archive.sana.sy\/tr\/index.php?rest_route=%2Fwp%2Fv2%2Fcomments&post=294426"}],"version-history":[{"count":1,"href":"https:\/\/archive.sana.sy\/tr\/index.php?rest_route=\/wp\/v2\/posts\/294426\/revisions"}],"predecessor-version":[{"id":294428,"href":"https:\/\/archive.sana.sy\/tr\/index.php?rest_route=\/wp\/v2\/posts\/294426\/revisions\/294428"}],"wp:featuredmedia":[{"embeddable":true,"href":"https:\/\/archive.sana.sy\/tr\/index.php?rest_route=\/wp\/v2\/media\/294427"}],"wp:attachment":[{"href":"https:\/\/archive.sana.sy\/tr\/index.php?rest_route=%2Fwp%2Fv2%2Fmedia&parent=294426"}],"wp:term":[{"taxonomy":"category","embeddable":true,"href":"https:\/\/archive.sana.sy\/tr\/index.php?rest_route=%2Fwp%2Fv2%2Fcategories&post=294426"},{"taxonomy":"post_tag","embeddable":true,"href":"https:\/\/archive.sana.sy\/tr\/index.php?rest_route=%2Fwp%2Fv2%2Ftags&post=294426"}],"curies":[{"name":"wp","href":"https:\/\/api.w.org\/{rel}","templated":true}]}}