{"id":294435,"date":"2024-01-01T11:54:44","date_gmt":"2024-01-01T08:54:44","guid":{"rendered":"https:\/\/sana.sy\/tr\/?p=294435"},"modified":"2024-01-02T08:26:23","modified_gmt":"2024-01-02T05:26:23","slug":"deyrezzor-kirsalinda-terorun-biraktigi-mayinin-patlamasi-sonucu-4-cocuk-yaralandi","status":"publish","type":"post","link":"https:\/\/archive.sana.sy\/tr\/?p=294435","title":{"rendered":"Deyrezzor K\u0131rsal\u0131nda Ter\u00f6r\u00fcn B\u0131rakt\u0131\u011f\u0131 May\u0131n\u0131n Patlamas\u0131 Sonucu 4 \u00c7ocuk Yaraland\u0131"},"content":{"rendered":"<p style=\"text-align: justify;\"><strong>DEYREZZOR 01 OCAK (SANA)<\/strong> &#8211; Deyrezzor&#8217;un kuzey k\u0131rsal\u0131ndaki Mazlum kasabas\u0131nda ter\u00f6r \u00f6rg\u00fctlerinin b\u0131rakt\u0131\u011f\u0131 may\u0131n\u0131n patlamas\u0131 sonucu 4 \u00e7ocuk yaraland\u0131.<\/p>\n<p style=\"text-align: justify;\">Esad Hastanesi Genel M\u00fcd\u00fcr\u00fc Dr. Mamun Hayza, SANA muhabirine yapt\u0131\u011f\u0131 a\u00e7\u0131klamada \u015funlar\u0131 s\u00f6yledi: \u201cYa\u015flar\u0131 10 ile 15 aras\u0131nda de\u011fi\u015fen 4 \u00e7ocuk, may\u0131n patlamas\u0131 sonucu ba\u015flar\u0131ndan ve uzuvlar\u0131ndan \u00e7e\u015fitli yaralanmalarla hastaneye geldi.\u2019\u2019<\/p>\n<p style=\"text-align: justify;\">Dr. Hayza, kendilerine gerekli yard\u0131m\u0131n derhal yap\u0131ld\u0131\u011f\u0131n\u0131, durumlar\u0131n\u0131n stabil oldu\u011funu belirtti.<\/p>\n<p style=\"text-align: center;\"><strong><a href=\"https:\/\/t.me\/SuriyeArapHaberAjansI\">Telegram Kanal\u0131m\u0131z\u00a0<\/a>||<a href=\"https:\/\/twitter.com\/arap_ajans\">X Platformumuz\u00a0<\/a>||<a href=\"https:\/\/www.facebook.com\/SANAHaberAjansi\/\">Facebook Sayfam\u0131z<\/a><\/strong><\/p>\n","protected":false},"excerpt":{"rendered":"<p>DEYREZZOR 01 OCAK (SANA) &#8211; Deyrezzor&#8217;un kuzey k\u0131rsal\u0131ndaki Mazlum kasabas\u0131nda ter\u00f6r \u00f6rg\u00fctlerinin b\u0131rakt\u0131\u011f\u0131 may\u0131n\u0131n patlamas\u0131 sonucu 4 \u00e7ocuk yaraland\u0131. Esad Hastanesi Genel M\u00fcd\u00fcr\u00fc Dr. Mamun Hayza, SANA muhabirine yapt\u0131\u011f\u0131 a\u00e7\u0131klamada \u015funlar\u0131 s\u00f6yledi: \u201cYa\u015flar\u0131 10 ile 15 aras\u0131nda de\u011fi\u015fen 4 \u00e7ocuk, may\u0131n patlamas\u0131 sonucu ba\u015flar\u0131ndan ve uzuvlar\u0131ndan \u00e7e\u015fitli yaralanmalarla hastaneye geldi.\u2019\u2019 Dr. Hayza, kendilerine gerekli yard\u0131m\u0131n &hellip;<\/p>\n","protected":false},"author":41,"featured_media":294436,"comment_status":"closed","ping_status":"closed","sticky":false,"template":"","format":"standard","meta":{"footnotes":""},"categories":[479,575,17988,478],"tags":[40693],"class_list":["post-294435","post","type-post","status-publish","format-standard","has-post-thumbnail","","category-haberler-yerel","category-olaylar-ve-gercekler","category-son-haberler","category-yerel","tag-deyrezzor-kirsalinda-terorun-biraktigi-mayinin-patlamasi-sonucu-4-cocuk-yaralandi"],"_links":{"self":[{"href":"https:\/\/archive.sana.sy\/tr\/index.php?rest_route=\/wp\/v2\/posts\/294435","targetHints":{"allow":["GET"]}}],"collection":[{"href":"https:\/\/archive.sana.sy\/tr\/index.php?rest_route=\/wp\/v2\/posts"}],"about":[{"href":"https:\/\/archive.sana.sy\/tr\/index.php?rest_route=\/wp\/v2\/types\/post"}],"author":[{"embeddable":true,"href":"https:\/\/archive.sana.sy\/tr\/index.php?rest_route=\/wp\/v2\/users\/41"}],"replies":[{"embeddable":true,"href":"https:\/\/archive.sana.sy\/tr\/index.php?rest_route=%2Fwp%2Fv2%2Fcomments&post=294435"}],"version-history":[{"count":1,"href":"https:\/\/archive.sana.sy\/tr\/index.php?rest_route=\/wp\/v2\/posts\/294435\/revisions"}],"predecessor-version":[{"id":294437,"href":"https:\/\/archive.sana.sy\/tr\/index.php?rest_route=\/wp\/v2\/posts\/294435\/revisions\/294437"}],"wp:featuredmedia":[{"embeddable":true,"href":"https:\/\/archive.sana.sy\/tr\/index.php?rest_route=\/wp\/v2\/media\/294436"}],"wp:attachment":[{"href":"https:\/\/archive.sana.sy\/tr\/index.php?rest_route=%2Fwp%2Fv2%2Fmedia&parent=294435"}],"wp:term":[{"taxonomy":"category","embeddable":true,"href":"https:\/\/archive.sana.sy\/tr\/index.php?rest_route=%2Fwp%2Fv2%2Fcategories&post=294435"},{"taxonomy":"post_tag","embeddable":true,"href":"https:\/\/archive.sana.sy\/tr\/index.php?rest_route=%2Fwp%2Fv2%2Ftags&post=294435"}],"curies":[{"name":"wp","href":"https:\/\/api.w.org\/{rel}","templated":true}]}}