{"id":294513,"date":"2024-01-02T13:51:09","date_gmt":"2024-01-02T10:51:09","guid":{"rendered":"https:\/\/sana.sy\/tr\/?p=294513"},"modified":"2024-01-03T08:18:05","modified_gmt":"2024-01-03T05:18:05","slug":"irak-direnisi-haseke-rumeylan-malikiye-ve-erbildeki-amerikan-isgal-guclerini-hedef-aldi","status":"publish","type":"post","link":"https:\/\/archive.sana.sy\/tr\/?p=294513","title":{"rendered":"Irak Direni\u015fi Haseke, Rumeylan, Malikiye ve Erbil&#8217;deki Amerikan \u0130\u015fgal G\u00fc\u00e7lerini Hedef Ald\u0131"},"content":{"rendered":"<p style=\"text-align: justify;\"><strong>BA\u011eDAT 02 OCAK (SANA) &#8211;<\/strong> Irak direni\u015fi bug\u00fcn, Haseke ve k\u0131rsal\u0131ndaki \u015eeddadi ve Rumeyyan \u00fcslerinde bulunan Amerikan i\u015fgal g\u00fc\u00e7lerini hedef ald\u0131\u011f\u0131n\u0131 duyurdu.<\/p>\n<p style=\"text-align: justify;\">Irak Direni\u015fi bug\u00fcn yapt\u0131\u011f\u0131 a\u00e7\u0131klamada, \u2018\u2019Siyonist i\u015fgalcinin Filistin ve Gazze \u015eeridi&#8217;nde halk\u0131m\u0131za y\u00f6nelik katliamlar\u0131na yan\u0131t ve \u00a0Amerikan i\u015fgaline direnme yakla\u015f\u0131m\u0131n\u0131n devam\u0131 olarak sava\u015f\u00e7\u0131lar\u0131m\u0131z \u015eaddadi, Rmelan ve Malikiye&#8217;deki Amerikan i\u015fgal \u00fcss\u00fcn\u00fc insans\u0131z hava ara\u00e7lar\u0131yla hedef ald\u0131\u2019\u2019 dedi.<\/p>\n<p style=\"text-align: justify;\">Irak direni\u015fi de benzer bir a\u00e7\u0131klamada \u015funlar\u0131 s\u00f6yledi: \u2018\u2019Kuzey Irak&#8217;ta Erbil Uluslararas\u0131 Havaalan\u0131 yak\u0131n\u0131nda bulunan Amerikan g\u00fc\u00e7lerini insans\u0131z hava ara\u00e7lar\u0131yla hedef ald\u0131.\u2019\u2019<\/p>\n<p style=\"text-align: justify;\">Irak direni\u015fi bug\u00fcn erken saatlerde Deyrezzor k\u0131rsal\u0131ndaki El \u00d6mer petrol sahas\u0131ndaki El Kariye El Hadra \u00fcss\u00fcn\u00fc insans\u0131z hava ara\u00e7lar\u0131yla hedef alm\u0131\u015ft\u0131.<\/p>\n<p style=\"text-align: center;\"><strong><a href=\"https:\/\/t.me\/SuriyeArapHaberAjansI\">Telegram Kanal\u0131m\u0131z\u00a0<\/a>||<a href=\"https:\/\/twitter.com\/arap_ajans\">X Platformumuz\u00a0<\/a>||<a href=\"https:\/\/www.facebook.com\/SANAHaberAjansi\/\">Facebook Sayfam\u0131z<\/a><\/strong><\/p>\n","protected":false},"excerpt":{"rendered":"<p>BA\u011eDAT 02 OCAK (SANA) &#8211; Irak direni\u015fi bug\u00fcn, Haseke ve k\u0131rsal\u0131ndaki \u015eeddadi ve Rumeyyan \u00fcslerinde bulunan Amerikan i\u015fgal g\u00fc\u00e7lerini hedef ald\u0131\u011f\u0131n\u0131 duyurdu. Irak Direni\u015fi bug\u00fcn yapt\u0131\u011f\u0131 a\u00e7\u0131klamada, \u2018\u2019Siyonist i\u015fgalcinin Filistin ve Gazze \u015eeridi&#8217;nde halk\u0131m\u0131za y\u00f6nelik katliamlar\u0131na yan\u0131t ve \u00a0Amerikan i\u015fgaline direnme yakla\u015f\u0131m\u0131n\u0131n devam\u0131 olarak sava\u015f\u00e7\u0131lar\u0131m\u0131z \u015eaddadi, Rmelan ve Malikiye&#8217;deki Amerikan i\u015fgal \u00fcss\u00fcn\u00fc insans\u0131z hava ara\u00e7lar\u0131yla &hellip;<\/p>\n","protected":false},"author":41,"featured_media":294514,"comment_status":"closed","ping_status":"closed","sticky":false,"template":"","format":"standard","meta":{"footnotes":""},"categories":[458,459,17988],"tags":[40699,40701,40700],"class_list":["post-294513","post","type-post","status-publish","format-standard","has-post-thumbnail","","category-dunya1","category-haberler-arap-uluslararasi-politika","category-son-haberler","tag-irak-direnisi-haseke","tag-malikiye-ve-erbildeki-amerikan-isgal-guclerini-hedef-aldi","tag-rumeylan"],"_links":{"self":[{"href":"https:\/\/archive.sana.sy\/tr\/index.php?rest_route=\/wp\/v2\/posts\/294513","targetHints":{"allow":["GET"]}}],"collection":[{"href":"https:\/\/archive.sana.sy\/tr\/index.php?rest_route=\/wp\/v2\/posts"}],"about":[{"href":"https:\/\/archive.sana.sy\/tr\/index.php?rest_route=\/wp\/v2\/types\/post"}],"author":[{"embeddable":true,"href":"https:\/\/archive.sana.sy\/tr\/index.php?rest_route=\/wp\/v2\/users\/41"}],"replies":[{"embeddable":true,"href":"https:\/\/archive.sana.sy\/tr\/index.php?rest_route=%2Fwp%2Fv2%2Fcomments&post=294513"}],"version-history":[{"count":1,"href":"https:\/\/archive.sana.sy\/tr\/index.php?rest_route=\/wp\/v2\/posts\/294513\/revisions"}],"predecessor-version":[{"id":294515,"href":"https:\/\/archive.sana.sy\/tr\/index.php?rest_route=\/wp\/v2\/posts\/294513\/revisions\/294515"}],"wp:featuredmedia":[{"embeddable":true,"href":"https:\/\/archive.sana.sy\/tr\/index.php?rest_route=\/wp\/v2\/media\/294514"}],"wp:attachment":[{"href":"https:\/\/archive.sana.sy\/tr\/index.php?rest_route=%2Fwp%2Fv2%2Fmedia&parent=294513"}],"wp:term":[{"taxonomy":"category","embeddable":true,"href":"https:\/\/archive.sana.sy\/tr\/index.php?rest_route=%2Fwp%2Fv2%2Fcategories&post=294513"},{"taxonomy":"post_tag","embeddable":true,"href":"https:\/\/archive.sana.sy\/tr\/index.php?rest_route=%2Fwp%2Fv2%2Ftags&post=294513"}],"curies":[{"name":"wp","href":"https:\/\/api.w.org\/{rel}","templated":true}]}}