{"id":294517,"date":"2024-01-02T14:00:19","date_gmt":"2024-01-02T11:00:19","guid":{"rendered":"https:\/\/sana.sy\/tr\/?p=294517"},"modified":"2024-01-03T08:18:08","modified_gmt":"2024-01-03T05:18:08","slug":"filistin-direnisi-gazze-seridinde-5-isgal-askerini-oldurdu-digerlerini-de-yaraladi","status":"publish","type":"post","link":"https:\/\/archive.sana.sy\/tr\/?p=294517","title":{"rendered":"Filistin direni\u015fi Gazze \u015eeridi&#8217;nde 5 \u0130\u015fgal Askerini \u00d6ld\u00fcrd\u00fc, Di\u011ferlerini De Yaralad\u0131"},"content":{"rendered":"<p style=\"text-align: justify;\"><strong>\u0130\u015eGAL ED\u0130LEN KUD\u00dcS 02 OCAK (SANA)<\/strong> &#8211; Bug\u00fcn Filistin direni\u015fi Gazze \u015eeridi&#8217;nde \u0130srail i\u015fgal g\u00fc\u00e7leriyle kar\u015f\u0131 kar\u015f\u0131ya gelmeye devam ederek saflar\u0131nda \u00f6l\u00fcm ve yaralanmalara neden oldu.<\/p>\n<p style=\"text-align: justify;\">Direni\u015f bug\u00fcn yapt\u0131\u011f\u0131 a\u00e7\u0131klamada,\u00a0 Sava\u015f\u00e7\u0131lar\u0131m\u0131z, Bureyic kamp\u0131na ait alanlarda makineli t\u00fcfeklerle d\u00fc\u015fman askerleriyle \u015fiddetli \u00e7at\u0131\u015fmalara girmi\u015f ve askerlerde baz\u0131 yaralanmalar olmu\u015ftur. Ayr\u0131ca kamp\u0131n do\u011fusunda makineli t\u00fcfekler ve el bombalar\u0131 kullanarak s\u0131f\u0131r noktas\u0131ndan itibaren 5 askerden olu\u015fan Siyonist piyade kuvvetiyle \u00e7at\u0131\u015ft\u0131lar ve onlar\u0131 etkisiz hale getirdiler\u2019\u2019 dedi.<\/p>\n<p style=\"text-align: justify;\">Direni\u015f a\u00e7\u0131klamas\u0131na da \u015fu ifadeleri ekledi: \u2018\u2019\u0130\u015fgale ait iki Merkava tank\u0131, Bureij kamp\u0131n\u0131n do\u011fusundaki iki Al-Yassin 105 ve RPG mermisiyle hedef al\u0131n\u0131rken, Gazze \u015eeridi&#8217;nin g\u00fcneyindeki Han Yunus&#8217;taki d\u00fc\u015fman yo\u011funla\u015fmalar\u0131 da havan mermisi ya\u011fmuruyla hedef al\u0131nd\u0131.\u2019\u2019<\/p>\n<p style=\"text-align: center;\"><strong><a href=\"https:\/\/t.me\/SuriyeArapHaberAjansI\">Telegram Kanal\u0131m\u0131z\u00a0<\/a>||<a href=\"https:\/\/twitter.com\/arap_ajans\">X Platformumuz\u00a0<\/a>||<a href=\"https:\/\/www.facebook.com\/SANAHaberAjansi\/\">Facebook Sayfam\u0131z<\/a><\/strong><\/p>\n","protected":false},"excerpt":{"rendered":"<p>\u0130\u015eGAL ED\u0130LEN KUD\u00dcS 02 OCAK (SANA) &#8211; Bug\u00fcn Filistin direni\u015fi Gazze \u015eeridi&#8217;nde \u0130srail i\u015fgal g\u00fc\u00e7leriyle kar\u015f\u0131 kar\u015f\u0131ya gelmeye devam ederek saflar\u0131nda \u00f6l\u00fcm ve yaralanmalara neden oldu. Direni\u015f bug\u00fcn yapt\u0131\u011f\u0131 a\u00e7\u0131klamada,\u00a0 Sava\u015f\u00e7\u0131lar\u0131m\u0131z, Bureyic kamp\u0131na ait alanlarda makineli t\u00fcfeklerle d\u00fc\u015fman askerleriyle \u015fiddetli \u00e7at\u0131\u015fmalara girmi\u015f ve askerlerde baz\u0131 yaralanmalar olmu\u015ftur. Ayr\u0131ca kamp\u0131n do\u011fusunda makineli t\u00fcfekler ve el bombalar\u0131 &hellip;<\/p>\n","protected":false},"author":41,"featured_media":294518,"comment_status":"closed","ping_status":"closed","sticky":false,"template":"","format":"standard","meta":{"footnotes":""},"categories":[458,459,17988],"tags":[40207,40702],"class_list":["post-294517","post","type-post","status-publish","format-standard","has-post-thumbnail","","category-dunya1","category-haberler-arap-uluslararasi-politika","category-son-haberler","tag-digerlerini-de-yaraladi","tag-filistin-direnisi-gazze-seridinde-5-isgal-askerini-oldurdu"],"_links":{"self":[{"href":"https:\/\/archive.sana.sy\/tr\/index.php?rest_route=\/wp\/v2\/posts\/294517","targetHints":{"allow":["GET"]}}],"collection":[{"href":"https:\/\/archive.sana.sy\/tr\/index.php?rest_route=\/wp\/v2\/posts"}],"about":[{"href":"https:\/\/archive.sana.sy\/tr\/index.php?rest_route=\/wp\/v2\/types\/post"}],"author":[{"embeddable":true,"href":"https:\/\/archive.sana.sy\/tr\/index.php?rest_route=\/wp\/v2\/users\/41"}],"replies":[{"embeddable":true,"href":"https:\/\/archive.sana.sy\/tr\/index.php?rest_route=%2Fwp%2Fv2%2Fcomments&post=294517"}],"version-history":[{"count":1,"href":"https:\/\/archive.sana.sy\/tr\/index.php?rest_route=\/wp\/v2\/posts\/294517\/revisions"}],"predecessor-version":[{"id":294519,"href":"https:\/\/archive.sana.sy\/tr\/index.php?rest_route=\/wp\/v2\/posts\/294517\/revisions\/294519"}],"wp:featuredmedia":[{"embeddable":true,"href":"https:\/\/archive.sana.sy\/tr\/index.php?rest_route=\/wp\/v2\/media\/294518"}],"wp:attachment":[{"href":"https:\/\/archive.sana.sy\/tr\/index.php?rest_route=%2Fwp%2Fv2%2Fmedia&parent=294517"}],"wp:term":[{"taxonomy":"category","embeddable":true,"href":"https:\/\/archive.sana.sy\/tr\/index.php?rest_route=%2Fwp%2Fv2%2Fcategories&post=294517"},{"taxonomy":"post_tag","embeddable":true,"href":"https:\/\/archive.sana.sy\/tr\/index.php?rest_route=%2Fwp%2Fv2%2Ftags&post=294517"}],"curies":[{"name":"wp","href":"https:\/\/api.w.org\/{rel}","templated":true}]}}