{"id":29458,"date":"2015-04-13T08:29:32","date_gmt":"2015-04-13T05:29:32","guid":{"rendered":"http:\/\/www.sana.sy\/tr\/?p=29458"},"modified":"2015-04-13T21:04:09","modified_gmt":"2015-04-13T18:04:09","slug":"savunma-bakani-idlib-kirsalinda-ordu-birliklerimize-saha-gezisinde-bulundu","status":"publish","type":"post","link":"https:\/\/archive.sana.sy\/tr\/?p=29458","title":{"rendered":"Genelkurmay Ba\u015fkan\u0131 \u0130dlib K\u0131rsal\u0131nda Ordu Birliklerimize Saha Gezisinde Bulundu"},"content":{"rendered":"<p>\u0130DL\u0130B \u2013 Ordu ve Silahl\u0131 Kuvvetler Genel Komutan\u0131 Be\u015f\u015far el Esad\u2019\u0131n direktifleri ve y\u00f6nlendirmeleri do\u011frultusunda Genelkurmay Ba\u015fkan\u0131 Korgeneral Ali Abdullah Eyy\u00fcp bug\u00fcn genel komutanl\u0131kta \u00fcst d\u00fczey komutanlar\u0131n refakatinde \u0130dlib k\u0131rsal\u0131 Mastuma ve civar\u0131nda T\u00fcrkiye&#8217;deki rejimin destekledi\u011fi ter\u00f6ristlere kar\u015f\u0131 vatan ve vatanda\u015flar\u0131 savunan ordu birliklerimize saha gezisinde bulundu.<\/p>\n<p><a href=\"http:\/\/www.sana.sy\/tr\/wp-content\/uploads\/2015\/04\/Korgeneral-Eyy\u00fcp-2.jpg\"><img loading=\"lazy\" decoding=\"async\" class=\"alignright size-medium wp-image-29460\" src=\"http:\/\/www.sana.sy\/tr\/wp-content\/uploads\/2015\/04\/Korgeneral-Eyy\u00fcp-2-300x222.jpg\" alt=\"Korgeneral Eyy\u00fcp 2\" width=\"300\" height=\"222\" srcset=\"https:\/\/archive.sana.sy\/tr\/wp-content\/uploads\/2015\/04\/Korgeneral-Eyy\u00fcp-2-300x222.jpg 300w, https:\/\/archive.sana.sy\/tr\/wp-content\/uploads\/2015\/04\/Korgeneral-Eyy\u00fcp-2-150x111.jpg 150w, https:\/\/archive.sana.sy\/tr\/wp-content\/uploads\/2015\/04\/Korgeneral-Eyy\u00fcp-2.jpg 720w\" sizes=\"auto, (max-width: 300px) 100vw, 300px\" \/><\/a>Vatan koruyucular\u0131 askerlerimizin durumlar\u0131n\u0131 ve operasyonlar\u0131n\u0131 yak\u0131ndan takip eden Korgeneral Eyy\u00fcp; kahramanlar\u0131n ter\u00f6ristlere kar\u015f\u0131 Suriye ve halk\u0131n\u0131 savunma azim ve psikolojilerinin takdire \u015fayan oldu\u011funu ifade etti. Korgeneral Eyy\u00fcp ordu birliklerimizin radikal ve vatan haini ter\u00f6ristlere kar\u015f\u0131 sergiledikleri kahramanl\u0131k ve bulunduklar\u0131 fedakarl\u0131\u011f\u0131n Suriye halk\u0131n\u0131n onur ve gururunu te\u015fkil etti\u011fini s\u00f6yledi.<\/p>\n<p>Saha gezisinin sonunda \u0130dlib\u2019te ordu komutanlar\u0131na y\u00f6nlendirmelerde bulunan Genelkurmay Ba\u015fkan\u0131 Eyy\u00fcp; ter\u00f6ristleri bertaraf etme ve yurdun her kar\u0131\u015f topra\u011f\u0131nda g\u00fcven ve istikrar\u0131 sa\u011flamada kendilerine d\u00fc\u015fen ulusal sorumlulu\u011fu yerine getirmeye her daim haz\u0131r olman\u0131n \u00f6nemine vurgu yapt\u0131.<\/p>\n<p>Genelkurmay Ba\u015fkan\u0131 Eyy\u00fcp d\u0131\u015f destekli radikal ter\u00f6ristler ve vatan hainlerine kar\u015f\u0131 sab\u0131r ve azimle direnen Suriye halk\u0131n\u0131n g\u00fcven ve g\u00f6n\u00fcl rahatl\u0131\u011f\u0131 i\u00e7inde ya\u015famas\u0131 gerekti\u011fini belirtti.<\/p>\n<p>B\u00f6lgede g\u00f6rev yapan ordu birliklerimiz her daim Suriye halk\u0131n\u0131n umutlar\u0131n\u0131 ger\u00e7ekle\u015ftirme azminde olduklar\u0131n\u0131 ifade ederken, Suriye&#8217;nin daima onurlu, ba\u011f\u0131ms\u0131z ve ba\u015f\u0131 dik bir vatan olarak kalmas\u0131 i\u00e7in kanlar\u0131n\u0131 feda etmeye haz\u0131r olduklar\u0131n\u0131 ifade etti.<\/p>\n<p>https:\/\/www.youtube.com\/watch?v=-Y-e5Q0SPdo<\/p>\n<p>&nbsp;<\/p>\n<div id='gallery-1' class='gallery galleryid-29458 gallery-columns-3 gallery-size-thumbnail'><figure class='gallery-item'>\n\t\t\t<div class='gallery-icon landscape'>\n\t\t\t\t<a href='https:\/\/archive.sana.sy\/tr\/wp-content\/uploads\/2015\/04\/Korgeneral-Eyy\u00fcp-7.jpg'><img loading=\"lazy\" decoding=\"async\" width=\"150\" height=\"103\" src=\"https:\/\/archive.sana.sy\/tr\/wp-content\/uploads\/2015\/04\/Korgeneral-Eyy\u00fcp-7-150x103.jpg\" class=\"attachment-thumbnail size-thumbnail\" alt=\"\" srcset=\"https:\/\/archive.sana.sy\/tr\/wp-content\/uploads\/2015\/04\/Korgeneral-Eyy\u00fcp-7-150x103.jpg 150w, https:\/\/archive.sana.sy\/tr\/wp-content\/uploads\/2015\/04\/Korgeneral-Eyy\u00fcp-7-300x206.jpg 300w, https:\/\/archive.sana.sy\/tr\/wp-content\/uploads\/2015\/04\/Korgeneral-Eyy\u00fcp-7.jpg 720w\" sizes=\"auto, (max-width: 150px) 100vw, 150px\" \/><\/a>\n\t\t\t<\/div><\/figure><figure class='gallery-item'>\n\t\t\t<div class='gallery-icon landscape'>\n\t\t\t\t<a href='https:\/\/archive.sana.sy\/tr\/wp-content\/uploads\/2015\/04\/Korgeneral-Eyy\u00fcp-1.jpg'><img loading=\"lazy\" decoding=\"async\" width=\"150\" height=\"109\" src=\"https:\/\/archive.sana.sy\/tr\/wp-content\/uploads\/2015\/04\/Korgeneral-Eyy\u00fcp-1-150x109.jpg\" class=\"attachment-thumbnail size-thumbnail\" alt=\"\" srcset=\"https:\/\/archive.sana.sy\/tr\/wp-content\/uploads\/2015\/04\/Korgeneral-Eyy\u00fcp-1-150x109.jpg 150w, https:\/\/archive.sana.sy\/tr\/wp-content\/uploads\/2015\/04\/Korgeneral-Eyy\u00fcp-1-300x219.jpg 300w, https:\/\/archive.sana.sy\/tr\/wp-content\/uploads\/2015\/04\/Korgeneral-Eyy\u00fcp-1.jpg 720w\" sizes=\"auto, (max-width: 150px) 100vw, 150px\" \/><\/a>\n\t\t\t<\/div><\/figure><figure class='gallery-item'>\n\t\t\t<div class='gallery-icon landscape'>\n\t\t\t\t<a href='https:\/\/archive.sana.sy\/tr\/wp-content\/uploads\/2015\/04\/Korgeneral-Eyy\u00fcp-3.jpg'><img loading=\"lazy\" decoding=\"async\" width=\"150\" height=\"87\" src=\"https:\/\/archive.sana.sy\/tr\/wp-content\/uploads\/2015\/04\/Korgeneral-Eyy\u00fcp-3-150x87.jpg\" class=\"attachment-thumbnail size-thumbnail\" alt=\"\" srcset=\"https:\/\/archive.sana.sy\/tr\/wp-content\/uploads\/2015\/04\/Korgeneral-Eyy\u00fcp-3-150x87.jpg 150w, https:\/\/archive.sana.sy\/tr\/wp-content\/uploads\/2015\/04\/Korgeneral-Eyy\u00fcp-3-300x174.jpg 300w, https:\/\/archive.sana.sy\/tr\/wp-content\/uploads\/2015\/04\/Korgeneral-Eyy\u00fcp-3.jpg 720w\" sizes=\"auto, (max-width: 150px) 100vw, 150px\" \/><\/a>\n\t\t\t<\/div><\/figure><figure class='gallery-item'>\n\t\t\t<div class='gallery-icon landscape'>\n\t\t\t\t<a href='https:\/\/archive.sana.sy\/tr\/wp-content\/uploads\/2015\/04\/Korgeneral-Eyy\u00fcp-4.jpg'><img loading=\"lazy\" decoding=\"async\" width=\"150\" height=\"98\" src=\"https:\/\/archive.sana.sy\/tr\/wp-content\/uploads\/2015\/04\/Korgeneral-Eyy\u00fcp-4-150x98.jpg\" class=\"attachment-thumbnail size-thumbnail\" alt=\"\" srcset=\"https:\/\/archive.sana.sy\/tr\/wp-content\/uploads\/2015\/04\/Korgeneral-Eyy\u00fcp-4-150x98.jpg 150w, https:\/\/archive.sana.sy\/tr\/wp-content\/uploads\/2015\/04\/Korgeneral-Eyy\u00fcp-4-300x196.jpg 300w, https:\/\/archive.sana.sy\/tr\/wp-content\/uploads\/2015\/04\/Korgeneral-Eyy\u00fcp-4.jpg 637w\" sizes=\"auto, (max-width: 150px) 100vw, 150px\" \/><\/a>\n\t\t\t<\/div><\/figure><figure class='gallery-item'>\n\t\t\t<div class='gallery-icon landscape'>\n\t\t\t\t<a href='https:\/\/archive.sana.sy\/tr\/wp-content\/uploads\/2015\/04\/Korgeneral-Eyy\u00fcp-5.jpg'><img loading=\"lazy\" decoding=\"async\" width=\"150\" height=\"86\" src=\"https:\/\/archive.sana.sy\/tr\/wp-content\/uploads\/2015\/04\/Korgeneral-Eyy\u00fcp-5-150x86.jpg\" class=\"attachment-thumbnail size-thumbnail\" alt=\"\" srcset=\"https:\/\/archive.sana.sy\/tr\/wp-content\/uploads\/2015\/04\/Korgeneral-Eyy\u00fcp-5-150x86.jpg 150w, https:\/\/archive.sana.sy\/tr\/wp-content\/uploads\/2015\/04\/Korgeneral-Eyy\u00fcp-5-300x172.jpg 300w, https:\/\/archive.sana.sy\/tr\/wp-content\/uploads\/2015\/04\/Korgeneral-Eyy\u00fcp-5.jpg 720w\" sizes=\"auto, (max-width: 150px) 100vw, 150px\" \/><\/a>\n\t\t\t<\/div><\/figure><figure class='gallery-item'>\n\t\t\t<div class='gallery-icon landscape'>\n\t\t\t\t<a href='https:\/\/archive.sana.sy\/tr\/wp-content\/uploads\/2015\/04\/Korgeneral-Eyy\u00fcp-6.jpg'><img loading=\"lazy\" decoding=\"async\" width=\"150\" height=\"100\" src=\"https:\/\/archive.sana.sy\/tr\/wp-content\/uploads\/2015\/04\/Korgeneral-Eyy\u00fcp-6-150x100.jpg\" class=\"attachment-thumbnail size-thumbnail\" alt=\"\" srcset=\"https:\/\/archive.sana.sy\/tr\/wp-content\/uploads\/2015\/04\/Korgeneral-Eyy\u00fcp-6-150x100.jpg 150w, https:\/\/archive.sana.sy\/tr\/wp-content\/uploads\/2015\/04\/Korgeneral-Eyy\u00fcp-6-300x200.jpg 300w, https:\/\/archive.sana.sy\/tr\/wp-content\/uploads\/2015\/04\/Korgeneral-Eyy\u00fcp-6.jpg 720w\" sizes=\"auto, (max-width: 150px) 100vw, 150px\" \/><\/a>\n\t\t\t<\/div><\/figure>\n\t\t<\/div>\n\n<p>A.A &#8211; S.\u015e<\/p>\n","protected":false},"excerpt":{"rendered":"<p>\u0130DL\u0130B \u2013 Ordu ve Silahl\u0131 Kuvvetler Genel Komutan\u0131 Be\u015f\u015far el Esad\u2019\u0131n direktifleri ve y\u00f6nlendirmeleri do\u011frultusunda Genelkurmay Ba\u015fkan\u0131 Korgeneral Ali Abdullah Eyy\u00fcp bug\u00fcn genel komutanl\u0131kta \u00fcst d\u00fczey komutanlar\u0131n refakatinde \u0130dlib k\u0131rsal\u0131 Mastuma ve civar\u0131nda T\u00fcrkiye&#8217;deki rejimin destekledi\u011fi ter\u00f6ristlere kar\u015f\u0131 vatan ve vatanda\u015flar\u0131 savunan ordu birliklerimize saha gezisinde bulundu. Vatan koruyucular\u0131 askerlerimizin durumlar\u0131n\u0131 ve operasyonlar\u0131n\u0131 yak\u0131ndan takip &hellip;<\/p>\n","protected":false},"author":1,"featured_media":29459,"comment_status":"closed","ping_status":"closed","sticky":false,"template":"","format":"standard","meta":{"footnotes":""},"categories":[575],"tags":[13592],"class_list":["post-29458","post","type-post","status-publish","format-standard","has-post-thumbnail","","category-olaylar-ve-gercekler","tag-genelkurmay-baskani-idlib-kirsalinda-ordu-birliklerimize-saha-gezisinde-bulundu"],"_links":{"self":[{"href":"https:\/\/archive.sana.sy\/tr\/index.php?rest_route=\/wp\/v2\/posts\/29458","targetHints":{"allow":["GET"]}}],"collection":[{"href":"https:\/\/archive.sana.sy\/tr\/index.php?rest_route=\/wp\/v2\/posts"}],"about":[{"href":"https:\/\/archive.sana.sy\/tr\/index.php?rest_route=\/wp\/v2\/types\/post"}],"author":[{"embeddable":true,"href":"https:\/\/archive.sana.sy\/tr\/index.php?rest_route=\/wp\/v2\/users\/1"}],"replies":[{"embeddable":true,"href":"https:\/\/archive.sana.sy\/tr\/index.php?rest_route=%2Fwp%2Fv2%2Fcomments&post=29458"}],"version-history":[{"count":0,"href":"https:\/\/archive.sana.sy\/tr\/index.php?rest_route=\/wp\/v2\/posts\/29458\/revisions"}],"wp:featuredmedia":[{"embeddable":true,"href":"https:\/\/archive.sana.sy\/tr\/index.php?rest_route=\/wp\/v2\/media\/29459"}],"wp:attachment":[{"href":"https:\/\/archive.sana.sy\/tr\/index.php?rest_route=%2Fwp%2Fv2%2Fmedia&parent=29458"}],"wp:term":[{"taxonomy":"category","embeddable":true,"href":"https:\/\/archive.sana.sy\/tr\/index.php?rest_route=%2Fwp%2Fv2%2Fcategories&post=29458"},{"taxonomy":"post_tag","embeddable":true,"href":"https:\/\/archive.sana.sy\/tr\/index.php?rest_route=%2Fwp%2Fv2%2Ftags&post=29458"}],"curies":[{"name":"wp","href":"https:\/\/api.w.org\/{rel}","templated":true}]}}