{"id":294641,"date":"2024-01-05T15:00:37","date_gmt":"2024-01-05T12:00:37","guid":{"rendered":"https:\/\/sana.sy\/tr\/?p=294641"},"modified":"2024-01-06T09:54:49","modified_gmt":"2024-01-06T06:54:49","slug":"aksa-tufani-operasyonu-bugunun-en-one-cikan-gelismeleri-5","status":"publish","type":"post","link":"https:\/\/archive.sana.sy\/tr\/?p=294641","title":{"rendered":"Aksa Tufan\u0131 Operasyonu\u2026 Bug\u00fcn\u00fcn En \u00d6ne \u00c7\u0131kan Geli\u015fmeleri"},"content":{"rendered":"<p style=\"text-align: justify;\"><strong>\u0130\u015eGAL ED\u0130LEN KUD\u00dcS 05 OCAK 2024 (SANA) \u2013<\/strong>\u00a0Filistin direni\u015finin i\u015fgalci \u0130srail\u2019in sald\u0131rganl\u0131\u011f\u0131na yan\u0131t olarak 7 Ekim\u2019de ba\u015flatt\u0131\u011f\u0131 Aksa Tufan\u0131 Operasyonu\u2019nda \u00f6ne \u00e7\u0131kan geli\u015fmeler:<\/p>\n<ul style=\"text-align: justify;\">\n<li>Filistin direni\u015fi, Gazze \u015eeridi&#8217;nin g\u00fcneyindeki Han Yunus kentinin Ma&#8217;an b\u00f6lgesinde &#8220;Yasin 105&#8221; ve &#8220;Tandum&#8221; toplar\u0131yla 3 Siyonist d\u00fc\u015fman tank\u0131n\u0131 hedef ald\u0131.<\/li>\n<li>Avrupa-Akdeniz G\u00f6zlemevi: \u0130srail i\u015fgali, Filistinlileri zorla yerinden etmek amac\u0131yla Gazze \u015eeridi&#8217;ndeki tesislerin ve altyap\u0131n\u0131n yakla\u015f\u0131k %70&#8217;ini yok etti.<\/li>\n<li>Avrupa-Akdeniz \u0130nsan Haklar\u0131 G\u00f6zlemevi: 90.000&#8217;den fazla Filistinli \u015fehit oldu, kay\u0131p veya yaraland\u0131.<\/li>\n<li>Filistin direni\u015fi, Gazze \u015eeridi&#8217;nin kuzeyindeki &#8220;Nahal Oz&#8221; ve &#8220;Alomim&#8221;deki \u0130srail i\u015fgal b\u00f6lgelerini f\u00fcze salvolar\u0131yla hedef ald\u0131.<\/li>\n<li>Gazze \u015eeridi&#8217;ne y\u00f6nelik devam eden i\u015fgal sald\u0131r\u0131s\u0131 sonucu onlarca \u015fehit ve yaral\u0131.<\/li>\n<li>Filistin direni\u015fi, Gazze \u015eehri&#8217;ndeki \u015eeyh R\u0131dvan ekseninde z\u0131rh kar\u015f\u0131t\u0131 mermi ta\u015f\u0131yan bir \u0130srail i\u015fgal askeri ta\u015f\u0131y\u0131c\u0131s\u0131n\u0131 hedef ald\u0131.<\/li>\n<li>Filistin direni\u015fi, Gazze \u015eeridi&#8217;nin merkezindeki Maghazi kamp\u0131n\u0131n bat\u0131s\u0131nda \u0130srail i\u015fgal ara\u00e7lar\u0131n\u0131n olu\u015fturdu\u011fu bir toplulu\u011fu a\u011f\u0131r kalibreli havan toplar\u0131yla bombalad\u0131.<\/li>\n<\/ul>\n<p style=\"text-align: justify;\"><strong><a href=\"https:\/\/t.me\/SuriyeArapHaberAjansI\">Telegram Kanal\u0131m\u0131z\u00a0<\/a>||<a href=\"https:\/\/twitter.com\/arap_ajans\">X Platformumuz\u00a0<\/a>||<a href=\"https:\/\/www.facebook.com\/SANAHaberAjansi\/\">Facebook Sayfam\u0131z<\/a><\/strong><\/p>\n","protected":false},"excerpt":{"rendered":"<p>\u0130\u015eGAL ED\u0130LEN KUD\u00dcS 05 OCAK 2024 (SANA) \u2013\u00a0Filistin direni\u015finin i\u015fgalci \u0130srail\u2019in sald\u0131rganl\u0131\u011f\u0131na yan\u0131t olarak 7 Ekim\u2019de ba\u015flatt\u0131\u011f\u0131 Aksa Tufan\u0131 Operasyonu\u2019nda \u00f6ne \u00e7\u0131kan geli\u015fmeler: Filistin direni\u015fi, Gazze \u015eeridi&#8217;nin g\u00fcneyindeki Han Yunus kentinin Ma&#8217;an b\u00f6lgesinde &#8220;Yasin 105&#8221; ve &#8220;Tandum&#8221; toplar\u0131yla 3 Siyonist d\u00fc\u015fman tank\u0131n\u0131 hedef ald\u0131. Avrupa-Akdeniz G\u00f6zlemevi: \u0130srail i\u015fgali, Filistinlileri zorla yerinden etmek amac\u0131yla Gazze \u015eeridi&#8217;ndeki &hellip;<\/p>\n","protected":false},"author":36,"featured_media":294642,"comment_status":"closed","ping_status":"closed","sticky":false,"template":"","format":"standard","meta":{"footnotes":""},"categories":[458,459,17988],"tags":[],"class_list":["post-294641","post","type-post","status-publish","format-standard","has-post-thumbnail","","category-dunya1","category-haberler-arap-uluslararasi-politika","category-son-haberler"],"_links":{"self":[{"href":"https:\/\/archive.sana.sy\/tr\/index.php?rest_route=\/wp\/v2\/posts\/294641","targetHints":{"allow":["GET"]}}],"collection":[{"href":"https:\/\/archive.sana.sy\/tr\/index.php?rest_route=\/wp\/v2\/posts"}],"about":[{"href":"https:\/\/archive.sana.sy\/tr\/index.php?rest_route=\/wp\/v2\/types\/post"}],"author":[{"embeddable":true,"href":"https:\/\/archive.sana.sy\/tr\/index.php?rest_route=\/wp\/v2\/users\/36"}],"replies":[{"embeddable":true,"href":"https:\/\/archive.sana.sy\/tr\/index.php?rest_route=%2Fwp%2Fv2%2Fcomments&post=294641"}],"version-history":[{"count":3,"href":"https:\/\/archive.sana.sy\/tr\/index.php?rest_route=\/wp\/v2\/posts\/294641\/revisions"}],"predecessor-version":[{"id":294661,"href":"https:\/\/archive.sana.sy\/tr\/index.php?rest_route=\/wp\/v2\/posts\/294641\/revisions\/294661"}],"wp:featuredmedia":[{"embeddable":true,"href":"https:\/\/archive.sana.sy\/tr\/index.php?rest_route=\/wp\/v2\/media\/294642"}],"wp:attachment":[{"href":"https:\/\/archive.sana.sy\/tr\/index.php?rest_route=%2Fwp%2Fv2%2Fmedia&parent=294641"}],"wp:term":[{"taxonomy":"category","embeddable":true,"href":"https:\/\/archive.sana.sy\/tr\/index.php?rest_route=%2Fwp%2Fv2%2Fcategories&post=294641"},{"taxonomy":"post_tag","embeddable":true,"href":"https:\/\/archive.sana.sy\/tr\/index.php?rest_route=%2Fwp%2Fv2%2Ftags&post=294641"}],"curies":[{"name":"wp","href":"https:\/\/api.w.org\/{rel}","templated":true}]}}