{"id":294647,"date":"2024-01-05T15:18:35","date_gmt":"2024-01-05T12:18:35","guid":{"rendered":"https:\/\/sana.sy\/tr\/?p=294647"},"modified":"2024-01-07T09:22:56","modified_gmt":"2024-01-07T06:22:56","slug":"reisi-dusmana-verilecek-tepkinin-niteligini-yalnizca-iran-belirleyecektir","status":"publish","type":"post","link":"https:\/\/archive.sana.sy\/tr\/?p=294647","title":{"rendered":"Reisi: D\u00fc\u015fmana verilecek Tepkinin Niteli\u011fini Yaln\u0131zca \u0130ran Belirleyecektir"},"content":{"rendered":"<p style=\"text-align: justify;\"><strong>TAHRAN 05 OCAK (SANA)<\/strong> &#8211; \u0130ran Cumhurba\u015fkan\u0131 \u0130brahim Reisi, inisiyatifin \u00fclkesinin elinde oldu\u011funu ve d\u00fc\u015fmana verilecek tepkinin niteli\u011fini belirlemede tek ba\u015f\u0131na oldu\u011funu do\u011frulayarak, Siyonist varl\u0131\u011f\u0131n direni\u015f kar\u015f\u0131s\u0131nda g\u00fc\u00e7s\u00fcz hale geldi\u011fine i\u015faret etti.<\/p>\n<p style=\"text-align: justify;\">Reisi, bug\u00fcn Kerman Eyaletindeki iki ter\u00f6r sald\u0131r\u0131s\u0131nda \u015fehit olanlar i\u00e7in d\u00fczenlenen cenaze t\u00f6reninde yapt\u0131\u011f\u0131 konu\u015fmada, \u00a0&#8220;\u0130ran bug\u00fcn g\u00fc\u00e7l\u00fc ve kudretlidir ve b\u00fcy\u00fck bir g\u00fc\u00e7 haline gelmi\u015ftir ve d\u00fc\u015fman da bunun fark\u0131na varm\u0131\u015ft\u0131r. \u0130nisiyatif onun ve direni\u015fin elindedir ve d\u00fc\u015fmana verilecek tepkinin niteli\u011fini belirleyen de biziz. \u201d diye konu\u015ftu.<\/p>\n<p style=\"text-align: justify;\">&#8220;Amerika&#8217;n\u0131n plan\u0131 b\u00f6lgede ba\u015fka bir &#8220;\u0130srail&#8221; olu\u015fturmakt\u0131 ancak plan ba\u015far\u0131s\u0131z oldu&#8221; diyen Reisi, &#8220;Filistin&#8217;deki direni\u015fin i\u015fgale kar\u015f\u0131 \u00e7\u0131kmay\u0131 ve onunla y\u00fczle\u015fmeyi ba\u015fard\u0131\u011f\u0131n\u0131&#8221; vurgulad\u0131.<\/p>\n<p style=\"text-align: justify;\">Reisi konu\u015fmas\u0131nda da, &#8221; Aksa Tufan\u0131 operasyonu Siyonist varl\u0131\u011f\u0131n sonu olacak. Sava\u015f\u0131n \u00fczerinden 90 g\u00fcn ge\u00e7mesine ra\u011fmen Filistin direni\u015fiyle y\u00fczle\u015femiyor. Bug\u00fcn d\u00fcnyan\u0131n kalbi her zamankinden daha fazla Filistin&#8217;in yan\u0131nda ve Siyonist yap\u0131ya kar\u015f\u0131d\u0131r&#8221; ifadelerini kulland\u0131.<\/p>\n<p style=\"text-align: justify;\">\u0130ran Devrim Muhaf\u0131zlar\u0131 Ba\u015fkomutan\u0131 T\u00fcmgeneral H\u00fcseyin Salami ise \u015funlar\u0131 s\u00f6yledi: &#8220;Ge\u00e7ti\u011fimiz birka\u00e7 on y\u0131lda Amerika ile ger\u00e7ek bir sava\u015f verdik, ancak bunu a\u015fa\u011f\u0131lay\u0131c\u0131 yenilgilerle s\u00fcrd\u00fcrd\u00fck.&#8221;<\/p>\n<p style=\"text-align: justify;\">Salami ayr\u0131ca &#8221;Mescid-i Aksa Tufan\u0131 operasyonu, Siyonist olu\u015fumun sahte yenilgisinin mahiyetini ortaya \u00e7\u0131kard\u0131 ve onun g\u00fcvenli\u011fini sa\u011flama \u00e7abalar\u0131n\u0131 ortadan kald\u0131rd\u0131. Her g\u00fcn b\u00fcy\u00fck kay\u0131plar ya\u015f\u0131yor ve \u00e7ekilmekten ba\u015fka se\u00e7ene\u011fi yok&#8221; ifadelerini s\u00f6zlerine ekledi.<\/p>\n<p><strong><a href=\"https:\/\/t.me\/SuriyeArapHaberAjansI\">Telegram Kanal\u0131m\u0131z\u00a0<\/a>||<a href=\"https:\/\/twitter.com\/arap_ajans\">X Platformumuz\u00a0<\/a>||<a href=\"https:\/\/www.facebook.com\/SANAHaberAjansi\/\">Facebook Sayfam\u0131z<\/a><\/strong><\/p>\n","protected":false},"excerpt":{"rendered":"<p>TAHRAN 05 OCAK (SANA) &#8211; \u0130ran Cumhurba\u015fkan\u0131 \u0130brahim Reisi, inisiyatifin \u00fclkesinin elinde oldu\u011funu ve d\u00fc\u015fmana verilecek tepkinin niteli\u011fini belirlemede tek ba\u015f\u0131na oldu\u011funu do\u011frulayarak, Siyonist varl\u0131\u011f\u0131n direni\u015f kar\u015f\u0131s\u0131nda g\u00fc\u00e7s\u00fcz hale geldi\u011fine i\u015faret etti. Reisi, bug\u00fcn Kerman Eyaletindeki iki ter\u00f6r sald\u0131r\u0131s\u0131nda \u015fehit olanlar i\u00e7in d\u00fczenlenen cenaze t\u00f6reninde yapt\u0131\u011f\u0131 konu\u015fmada, \u00a0&#8220;\u0130ran bug\u00fcn g\u00fc\u00e7l\u00fc ve kudretlidir ve b\u00fcy\u00fck bir &hellip;<\/p>\n","protected":false},"author":1,"featured_media":294648,"comment_status":"closed","ping_status":"closed","sticky":false,"template":"","format":"standard","meta":{"footnotes":""},"categories":[458,459,17988],"tags":[],"class_list":["post-294647","post","type-post","status-publish","format-standard","has-post-thumbnail","","category-dunya1","category-haberler-arap-uluslararasi-politika","category-son-haberler"],"_links":{"self":[{"href":"https:\/\/archive.sana.sy\/tr\/index.php?rest_route=\/wp\/v2\/posts\/294647","targetHints":{"allow":["GET"]}}],"collection":[{"href":"https:\/\/archive.sana.sy\/tr\/index.php?rest_route=\/wp\/v2\/posts"}],"about":[{"href":"https:\/\/archive.sana.sy\/tr\/index.php?rest_route=\/wp\/v2\/types\/post"}],"author":[{"embeddable":true,"href":"https:\/\/archive.sana.sy\/tr\/index.php?rest_route=\/wp\/v2\/users\/1"}],"replies":[{"embeddable":true,"href":"https:\/\/archive.sana.sy\/tr\/index.php?rest_route=%2Fwp%2Fv2%2Fcomments&post=294647"}],"version-history":[{"count":2,"href":"https:\/\/archive.sana.sy\/tr\/index.php?rest_route=\/wp\/v2\/posts\/294647\/revisions"}],"predecessor-version":[{"id":294752,"href":"https:\/\/archive.sana.sy\/tr\/index.php?rest_route=\/wp\/v2\/posts\/294647\/revisions\/294752"}],"wp:featuredmedia":[{"embeddable":true,"href":"https:\/\/archive.sana.sy\/tr\/index.php?rest_route=\/wp\/v2\/media\/294648"}],"wp:attachment":[{"href":"https:\/\/archive.sana.sy\/tr\/index.php?rest_route=%2Fwp%2Fv2%2Fmedia&parent=294647"}],"wp:term":[{"taxonomy":"category","embeddable":true,"href":"https:\/\/archive.sana.sy\/tr\/index.php?rest_route=%2Fwp%2Fv2%2Fcategories&post=294647"},{"taxonomy":"post_tag","embeddable":true,"href":"https:\/\/archive.sana.sy\/tr\/index.php?rest_route=%2Fwp%2Fv2%2Ftags&post=294647"}],"curies":[{"name":"wp","href":"https:\/\/api.w.org\/{rel}","templated":true}]}}