{"id":294662,"date":"2024-01-05T15:10:12","date_gmt":"2024-01-05T12:10:12","guid":{"rendered":"https:\/\/sana.sy\/tr\/?p=294662"},"modified":"2024-01-06T09:23:36","modified_gmt":"2024-01-06T06:23:36","slug":"iran-icisleri-bakani-kirman-bombalamalarinda-cok-sayida-supheli-tutuklandi","status":"publish","type":"post","link":"https:\/\/archive.sana.sy\/tr\/?p=294662","title":{"rendered":"\u0130ran \u0130\u00e7i\u015fleri Bakan\u0131: Kirman Bombalamalar\u0131nda \u00c7ok Say\u0131da \u015e\u00fcpheli Tutukland\u0131"},"content":{"rendered":"<p style=\"text-align: justify;\"><strong>TAHRAN 05 OCAK (SANA)<\/strong> &#8211; \u0130ran \u0130\u00e7i\u015fleri Bakan\u0131 Ahmed Vahidi, \u00f6nceki g\u00fcn \u0130ran&#8217;\u0131n Kerman eyaletinde meydana gelen iki ter\u00f6r sald\u0131r\u0131s\u0131yla ilgili \u00e7ok say\u0131da \u015f\u00fcphelinin tutukland\u0131\u011f\u0131n\u0131 duyurdu.<\/p>\n<p style=\"text-align: justify;\">Vahidi bug\u00fcn yapt\u0131\u011f\u0131 bas\u0131n a\u00e7\u0131klamas\u0131nda, &#8220;\u0130stihbarat servislerimiz Kerman&#8217;daki ter\u00f6r sald\u0131r\u0131lar\u0131na kar\u0131\u015fanlardan baz\u0131lar\u0131n\u0131 tutuklad\u0131, ayr\u0131nt\u0131lar bildirilecek&#8221; dedi.<\/p>\n<p style=\"text-align: justify;\">Bakan Vahidi ayr\u0131ca, \u201cDizginler, inisiyatif alan ve do\u011fru zamanda h\u0131zl\u0131 hareket eden istihbarat servislerinin kontrol\u00fcnde. Ter\u00f6r rejimleri taraf\u0131ndan desteklenen ter\u00f6r hareketleri istihbarat servislerinin kontrol\u00fcne girmi\u015ftir ve h\u0131zl\u0131 bir \u015fekilde halledilecek&#8221; ifadelerini kulland\u0131.<\/p>\n<p><strong><a href=\"https:\/\/t.me\/SuriyeArapHaberAjansI\">Telegram Kanal\u0131m\u0131z\u00a0<\/a>||<a href=\"https:\/\/twitter.com\/arap_ajans\">X Platformumuz\u00a0<\/a>||<a href=\"https:\/\/www.facebook.com\/SANAHaberAjansi\/\">Facebook Sayfam\u0131z<\/a><\/strong><\/p>\n","protected":false},"excerpt":{"rendered":"<p>TAHRAN 05 OCAK (SANA) &#8211; \u0130ran \u0130\u00e7i\u015fleri Bakan\u0131 Ahmed Vahidi, \u00f6nceki g\u00fcn \u0130ran&#8217;\u0131n Kerman eyaletinde meydana gelen iki ter\u00f6r sald\u0131r\u0131s\u0131yla ilgili \u00e7ok say\u0131da \u015f\u00fcphelinin tutukland\u0131\u011f\u0131n\u0131 duyurdu. Vahidi bug\u00fcn yapt\u0131\u011f\u0131 bas\u0131n a\u00e7\u0131klamas\u0131nda, &#8220;\u0130stihbarat servislerimiz Kerman&#8217;daki ter\u00f6r sald\u0131r\u0131lar\u0131na kar\u0131\u015fanlardan baz\u0131lar\u0131n\u0131 tutuklad\u0131, ayr\u0131nt\u0131lar bildirilecek&#8221; dedi. Bakan Vahidi ayr\u0131ca, \u201cDizginler, inisiyatif alan ve do\u011fru zamanda h\u0131zl\u0131 hareket eden istihbarat &hellip;<\/p>\n","protected":false},"author":1,"featured_media":294663,"comment_status":"closed","ping_status":"closed","sticky":false,"template":"","format":"standard","meta":{"footnotes":""},"categories":[458,459,17988],"tags":[],"class_list":["post-294662","post","type-post","status-publish","format-standard","has-post-thumbnail","","category-dunya1","category-haberler-arap-uluslararasi-politika","category-son-haberler"],"_links":{"self":[{"href":"https:\/\/archive.sana.sy\/tr\/index.php?rest_route=\/wp\/v2\/posts\/294662","targetHints":{"allow":["GET"]}}],"collection":[{"href":"https:\/\/archive.sana.sy\/tr\/index.php?rest_route=\/wp\/v2\/posts"}],"about":[{"href":"https:\/\/archive.sana.sy\/tr\/index.php?rest_route=\/wp\/v2\/types\/post"}],"author":[{"embeddable":true,"href":"https:\/\/archive.sana.sy\/tr\/index.php?rest_route=\/wp\/v2\/users\/1"}],"replies":[{"embeddable":true,"href":"https:\/\/archive.sana.sy\/tr\/index.php?rest_route=%2Fwp%2Fv2%2Fcomments&post=294662"}],"version-history":[{"count":2,"href":"https:\/\/archive.sana.sy\/tr\/index.php?rest_route=\/wp\/v2\/posts\/294662\/revisions"}],"predecessor-version":[{"id":294676,"href":"https:\/\/archive.sana.sy\/tr\/index.php?rest_route=\/wp\/v2\/posts\/294662\/revisions\/294676"}],"wp:featuredmedia":[{"embeddable":true,"href":"https:\/\/archive.sana.sy\/tr\/index.php?rest_route=\/wp\/v2\/media\/294663"}],"wp:attachment":[{"href":"https:\/\/archive.sana.sy\/tr\/index.php?rest_route=%2Fwp%2Fv2%2Fmedia&parent=294662"}],"wp:term":[{"taxonomy":"category","embeddable":true,"href":"https:\/\/archive.sana.sy\/tr\/index.php?rest_route=%2Fwp%2Fv2%2Fcategories&post=294662"},{"taxonomy":"post_tag","embeddable":true,"href":"https:\/\/archive.sana.sy\/tr\/index.php?rest_route=%2Fwp%2Fv2%2Ftags&post=294662"}],"curies":[{"name":"wp","href":"https:\/\/api.w.org\/{rel}","templated":true}]}}