{"id":294666,"date":"2024-01-05T16:10:37","date_gmt":"2024-01-05T13:10:37","guid":{"rendered":"https:\/\/sana.sy\/tr\/?p=294666"},"modified":"2024-01-07T09:23:00","modified_gmt":"2024-01-07T06:23:00","slug":"dusman-israil-guney-lubnandaki-bazi-bolge-ve-koylere-saldirilarini-yeniledi","status":"publish","type":"post","link":"https:\/\/archive.sana.sy\/tr\/?p=294666","title":{"rendered":"D\u00fc\u015fman \u0130srail G\u00fcney L\u00fcbnan&#8217;daki Baz\u0131 B\u00f6lge Ve K\u00f6ylere Sald\u0131r\u0131lar\u0131n\u0131 Yeniledi"},"content":{"rendered":"<p style=\"text-align: justify;\"><strong>BEYRUT 05 OCAK (SANA)<\/strong> \u2013 D\u00fc\u015fman \u0130srail bug\u00fcn g\u00fcney L\u00fcbnan&#8217;daki bir\u00e7ok k\u00f6y, kasaba ve b\u00f6lgeye sald\u0131r\u0131lar\u0131n\u0131 yeniledi.<\/p>\n<p style=\"text-align: justify;\">L\u00fcbnan Ulusal Haber Ajans\u0131, &#8221;\u0130srail d\u00fc\u015fman u\u00e7aklar\u0131 Bint Cbeil, Yaroun ve Marun El Ras aras\u0131ndaki yola bask\u0131n d\u00fczenledi. Ayr\u0131ca Ayta El \u015eaab\u00a0 kasabas\u0131ndaki El Hadab b\u00f6lgesini, Mecdelzun&#8217;daki El Sefarcal \u00a0b\u00f6lgesini ve \u015eihin ile Mecdelzun kasabalar\u0131 aras\u0131ndaki b\u00f6lgeyi de hedef ald\u0131. D\u00fc\u015fman top\u00e7usu Hula, El Dahire, Alma El \u015eaab , Yarin ve El Cayyin&#8217;in eteklerini bombalad\u0131&#8221; dedi.<\/p>\n<p style=\"text-align: justify;\">\u0130srail ke\u015fif u\u00e7aklar\u0131 da d\u00fcn gece ve bu sabah bat\u0131 ve orta kesimlerdeki k\u00f6yler \u00fczerinden u\u00e7maya devam ederek, s\u0131n\u0131r k\u00f6ylerine ate\u015f a\u00e7maya devam ederken Tire \u015fehrinin eteklerine ula\u015ft\u0131.<\/p>\n<p><strong><a href=\"https:\/\/t.me\/SuriyeArapHaberAjansI\">Telegram Kanal\u0131m\u0131z\u00a0<\/a>||<a href=\"https:\/\/twitter.com\/arap_ajans\">X Platformumuz\u00a0<\/a>||<a href=\"https:\/\/www.facebook.com\/SANAHaberAjansi\/\">Facebook Sayfam\u0131z<\/a><\/strong><\/p>\n","protected":false},"excerpt":{"rendered":"<p>BEYRUT 05 OCAK (SANA) \u2013 D\u00fc\u015fman \u0130srail bug\u00fcn g\u00fcney L\u00fcbnan&#8217;daki bir\u00e7ok k\u00f6y, kasaba ve b\u00f6lgeye sald\u0131r\u0131lar\u0131n\u0131 yeniledi. L\u00fcbnan Ulusal Haber Ajans\u0131, &#8221;\u0130srail d\u00fc\u015fman u\u00e7aklar\u0131 Bint Cbeil, Yaroun ve Marun El Ras aras\u0131ndaki yola bask\u0131n d\u00fczenledi. Ayr\u0131ca Ayta El \u015eaab\u00a0 kasabas\u0131ndaki El Hadab b\u00f6lgesini, Mecdelzun&#8217;daki El Sefarcal \u00a0b\u00f6lgesini ve \u015eihin ile Mecdelzun kasabalar\u0131 aras\u0131ndaki b\u00f6lgeyi de &hellip;<\/p>\n","protected":false},"author":1,"featured_media":294667,"comment_status":"closed","ping_status":"closed","sticky":false,"template":"","format":"standard","meta":{"footnotes":""},"categories":[458,459,17988],"tags":[],"class_list":["post-294666","post","type-post","status-publish","format-standard","has-post-thumbnail","","category-dunya1","category-haberler-arap-uluslararasi-politika","category-son-haberler"],"_links":{"self":[{"href":"https:\/\/archive.sana.sy\/tr\/index.php?rest_route=\/wp\/v2\/posts\/294666","targetHints":{"allow":["GET"]}}],"collection":[{"href":"https:\/\/archive.sana.sy\/tr\/index.php?rest_route=\/wp\/v2\/posts"}],"about":[{"href":"https:\/\/archive.sana.sy\/tr\/index.php?rest_route=\/wp\/v2\/types\/post"}],"author":[{"embeddable":true,"href":"https:\/\/archive.sana.sy\/tr\/index.php?rest_route=\/wp\/v2\/users\/1"}],"replies":[{"embeddable":true,"href":"https:\/\/archive.sana.sy\/tr\/index.php?rest_route=%2Fwp%2Fv2%2Fcomments&post=294666"}],"version-history":[{"count":2,"href":"https:\/\/archive.sana.sy\/tr\/index.php?rest_route=\/wp\/v2\/posts\/294666\/revisions"}],"predecessor-version":[{"id":294669,"href":"https:\/\/archive.sana.sy\/tr\/index.php?rest_route=\/wp\/v2\/posts\/294666\/revisions\/294669"}],"wp:featuredmedia":[{"embeddable":true,"href":"https:\/\/archive.sana.sy\/tr\/index.php?rest_route=\/wp\/v2\/media\/294667"}],"wp:attachment":[{"href":"https:\/\/archive.sana.sy\/tr\/index.php?rest_route=%2Fwp%2Fv2%2Fmedia&parent=294666"}],"wp:term":[{"taxonomy":"category","embeddable":true,"href":"https:\/\/archive.sana.sy\/tr\/index.php?rest_route=%2Fwp%2Fv2%2Fcategories&post=294666"},{"taxonomy":"post_tag","embeddable":true,"href":"https:\/\/archive.sana.sy\/tr\/index.php?rest_route=%2Fwp%2Fv2%2Ftags&post=294666"}],"curies":[{"name":"wp","href":"https:\/\/api.w.org\/{rel}","templated":true}]}}