{"id":294670,"date":"2024-01-05T17:00:44","date_gmt":"2024-01-05T14:00:44","guid":{"rendered":"https:\/\/sana.sy\/tr\/?p=294670"},"modified":"2024-01-07T09:23:04","modified_gmt":"2024-01-07T06:23:04","slug":"haseke-kirsalindaki-tel-tamir-elektrik-santrali-isgalci-turkiyenin-saldirganliklari-sonucu-hizmet-disi-kaldi","status":"publish","type":"post","link":"https:\/\/archive.sana.sy\/tr\/?p=294670","title":{"rendered":"Haseke K\u0131rsal\u0131ndaki Tel Tamir Elektrik Santrali, \u0130\u015fgalci T\u00fcrkiye&#8217;nin Sald\u0131rganl\u0131klar\u0131 \u00a0Sonucu Hizmet D\u0131\u015f\u0131 Kald\u0131"},"content":{"rendered":"<p style=\"text-align: justify;\"><strong>HASEKE 05 OCAK (SANA)<\/strong> &#8211; Haseke k\u0131rsal\u0131n\u0131n Tel Tamir il\u00e7esindeki elektrik aktarma istasyonu, kendisini besleyen elektrik hatt\u0131n\u0131 hedef alan i\u015fgalci T\u00fcrkiye&#8217;nin sald\u0131rganl\u0131\u011f\u0131 sonucu bug\u00fcn hizmet d\u0131\u015f\u0131 kald\u0131.<\/p>\n<p style=\"text-align: justify;\">Haseke Elektrik \u015eirketi Genel M\u00fcd\u00fcr\u00fc Salih \u0130dris, SANA muhabirine yapt\u0131\u011f\u0131 a\u00e7\u0131klamada, &#8221; \u0130\u015fgalci T\u00fcrkiye&#8217;nin 66K hatt\u0131n\u0131 hedef almas\u0131 sonucu istasyon hizmet d\u0131\u015f\u0131 kald\u0131. \u0130stasyonun besleyicisi Umm El Kif b\u00f6lgesindeki \u00e7ok say\u0131da mermiyle vuruldu. Bu da Tal Tamir b\u00f6lgesine ve \u00e7evredeki topluluklara ve k\u00f6ylere elektrik tedarikinin kesilmesine yol a\u00e7t\u0131&#8221; dedi.<\/p>\n<p style=\"text-align: justify;\">\u0130dris ayr\u0131ca, bak\u0131m at\u00f6lyelerinin, hasar\u0131n yerini tespit edip en k\u0131sa s\u00fcrede onar\u0131p istasyonu tekrar hizmete a\u00e7mak i\u00e7in \u00e7al\u0131\u015fma yerini g\u00fcvence alt\u0131na almak i\u00e7in beklediklerini vurgulad\u0131.<\/p>\n<p><strong><a href=\"https:\/\/t.me\/SuriyeArapHaberAjansI\">Telegram Kanal\u0131m\u0131z\u00a0<\/a>||<a href=\"https:\/\/twitter.com\/arap_ajans\">X Platformumuz\u00a0<\/a>||<a href=\"https:\/\/www.facebook.com\/SANAHaberAjansi\/\">Facebook Sayfam\u0131z<\/a><\/strong><\/p>\n","protected":false},"excerpt":{"rendered":"<p>HASEKE 05 OCAK (SANA) &#8211; Haseke k\u0131rsal\u0131n\u0131n Tel Tamir il\u00e7esindeki elektrik aktarma istasyonu, kendisini besleyen elektrik hatt\u0131n\u0131 hedef alan i\u015fgalci T\u00fcrkiye&#8217;nin sald\u0131rganl\u0131\u011f\u0131 sonucu bug\u00fcn hizmet d\u0131\u015f\u0131 kald\u0131. Haseke Elektrik \u015eirketi Genel M\u00fcd\u00fcr\u00fc Salih \u0130dris, SANA muhabirine yapt\u0131\u011f\u0131 a\u00e7\u0131klamada, &#8221; \u0130\u015fgalci T\u00fcrkiye&#8217;nin 66K hatt\u0131n\u0131 hedef almas\u0131 sonucu istasyon hizmet d\u0131\u015f\u0131 kald\u0131. \u0130stasyonun besleyicisi Umm El Kif &hellip;<\/p>\n","protected":false},"author":1,"featured_media":294671,"comment_status":"closed","ping_status":"closed","sticky":false,"template":"","format":"standard","meta":{"footnotes":""},"categories":[479,17988,478],"tags":[],"class_list":["post-294670","post","type-post","status-publish","format-standard","has-post-thumbnail","","category-haberler-yerel","category-son-haberler","category-yerel"],"_links":{"self":[{"href":"https:\/\/archive.sana.sy\/tr\/index.php?rest_route=\/wp\/v2\/posts\/294670","targetHints":{"allow":["GET"]}}],"collection":[{"href":"https:\/\/archive.sana.sy\/tr\/index.php?rest_route=\/wp\/v2\/posts"}],"about":[{"href":"https:\/\/archive.sana.sy\/tr\/index.php?rest_route=\/wp\/v2\/types\/post"}],"author":[{"embeddable":true,"href":"https:\/\/archive.sana.sy\/tr\/index.php?rest_route=\/wp\/v2\/users\/1"}],"replies":[{"embeddable":true,"href":"https:\/\/archive.sana.sy\/tr\/index.php?rest_route=%2Fwp%2Fv2%2Fcomments&post=294670"}],"version-history":[{"count":2,"href":"https:\/\/archive.sana.sy\/tr\/index.php?rest_route=\/wp\/v2\/posts\/294670\/revisions"}],"predecessor-version":[{"id":294753,"href":"https:\/\/archive.sana.sy\/tr\/index.php?rest_route=\/wp\/v2\/posts\/294670\/revisions\/294753"}],"wp:featuredmedia":[{"embeddable":true,"href":"https:\/\/archive.sana.sy\/tr\/index.php?rest_route=\/wp\/v2\/media\/294671"}],"wp:attachment":[{"href":"https:\/\/archive.sana.sy\/tr\/index.php?rest_route=%2Fwp%2Fv2%2Fmedia&parent=294670"}],"wp:term":[{"taxonomy":"category","embeddable":true,"href":"https:\/\/archive.sana.sy\/tr\/index.php?rest_route=%2Fwp%2Fv2%2Fcategories&post=294670"},{"taxonomy":"post_tag","embeddable":true,"href":"https:\/\/archive.sana.sy\/tr\/index.php?rest_route=%2Fwp%2Fv2%2Ftags&post=294670"}],"curies":[{"name":"wp","href":"https:\/\/api.w.org\/{rel}","templated":true}]}}