{"id":294681,"date":"2024-01-06T09:59:56","date_gmt":"2024-01-06T06:59:56","guid":{"rendered":"https:\/\/sana.sy\/tr\/?p=294681"},"modified":"2024-01-07T09:23:22","modified_gmt":"2024-01-07T06:23:22","slug":"irak-direnisi-el-tanf-ve-el-siddadi-uslerindeki-amerikan-isgal-guclerini-hedef-aliyor","status":"publish","type":"post","link":"https:\/\/archive.sana.sy\/tr\/?p=294681","title":{"rendered":"Irak Direni\u015fi El Tanf ve El \u015eiddadi \u00dcslerindeki Amerikan \u0130\u015fgal G\u00fc\u00e7lerini Hedef Ald\u0131"},"content":{"rendered":"<p style=\"text-align: justify;\"><strong>BA\u011eDAT 06 OCAK 2024 (SANA) \u2013<\/strong>\u00a0Irak direni\u015fi bug\u00fcn Homs ve Haseke k\u0131rsal\u0131ndaki Tanf ve \u015eiddadi \u00fcslerinde bulunan Amerikan i\u015fgal g\u00fc\u00e7lerinin hedef al\u0131nd\u0131\u011f\u0131n\u0131 ilan etti.<\/p>\n<p style=\"text-align: justify;\">Direni\u015f bug\u00fcn yapt\u0131\u011f\u0131 a\u00e7\u0131klamada, \u201cIrak ve b\u00f6lgedeki Amerikan i\u015fgal g\u00fc\u00e7lerine direnme yakla\u015f\u0131m\u0131m\u0131z\u0131n devam\u0131 olarak ve Siyonist olu\u015fumun Gazze&#8217;deki halk\u0131m\u0131za y\u00f6nelik katliamlar\u0131na yan\u0131t olarak Irak&#8217;taki direni\u015f sava\u015f\u00e7\u0131lar\u0131, Suriye&#8217;nin derinliklerindeki iki Amerikan i\u015fgal \u00fcss\u00fc El Tanf \u00dcss\u00fc ve El \u015eiddadi \u00dcss\u00fc&#8217;ne insans\u0131z hava ara\u00e7lar\u0131yla sald\u0131rd\u0131&#8221; diyerek, d\u00fc\u015fman kalelerini yok etmeye devam edece\u011fini belirtti.<\/p>\n<p style=\"text-align: center;\"><strong><a href=\"https:\/\/t.me\/SuriyeArapHaberAjansI\">Telegram Kanal\u0131m\u0131z\u00a0<\/a>||<a href=\"https:\/\/twitter.com\/arap_ajans\">X Platformumuz\u00a0<\/a>||<a href=\"https:\/\/www.facebook.com\/SANAHaberAjansi\/\">Facebook Sayfam\u0131z<\/a><\/strong><\/p>\n","protected":false},"excerpt":{"rendered":"<p>BA\u011eDAT 06 OCAK 2024 (SANA) \u2013\u00a0Irak direni\u015fi bug\u00fcn Homs ve Haseke k\u0131rsal\u0131ndaki Tanf ve \u015eiddadi \u00fcslerinde bulunan Amerikan i\u015fgal g\u00fc\u00e7lerinin hedef al\u0131nd\u0131\u011f\u0131n\u0131 ilan etti. Direni\u015f bug\u00fcn yapt\u0131\u011f\u0131 a\u00e7\u0131klamada, \u201cIrak ve b\u00f6lgedeki Amerikan i\u015fgal g\u00fc\u00e7lerine direnme yakla\u015f\u0131m\u0131m\u0131z\u0131n devam\u0131 olarak ve Siyonist olu\u015fumun Gazze&#8217;deki halk\u0131m\u0131za y\u00f6nelik katliamlar\u0131na yan\u0131t olarak Irak&#8217;taki direni\u015f sava\u015f\u00e7\u0131lar\u0131, Suriye&#8217;nin derinliklerindeki iki Amerikan i\u015fgal &hellip;<\/p>\n","protected":false},"author":36,"featured_media":294682,"comment_status":"closed","ping_status":"closed","sticky":false,"template":"","format":"standard","meta":{"footnotes":""},"categories":[458,459,17988],"tags":[],"class_list":["post-294681","post","type-post","status-publish","format-standard","has-post-thumbnail","","category-dunya1","category-haberler-arap-uluslararasi-politika","category-son-haberler"],"_links":{"self":[{"href":"https:\/\/archive.sana.sy\/tr\/index.php?rest_route=\/wp\/v2\/posts\/294681","targetHints":{"allow":["GET"]}}],"collection":[{"href":"https:\/\/archive.sana.sy\/tr\/index.php?rest_route=\/wp\/v2\/posts"}],"about":[{"href":"https:\/\/archive.sana.sy\/tr\/index.php?rest_route=\/wp\/v2\/types\/post"}],"author":[{"embeddable":true,"href":"https:\/\/archive.sana.sy\/tr\/index.php?rest_route=\/wp\/v2\/users\/36"}],"replies":[{"embeddable":true,"href":"https:\/\/archive.sana.sy\/tr\/index.php?rest_route=%2Fwp%2Fv2%2Fcomments&post=294681"}],"version-history":[{"count":2,"href":"https:\/\/archive.sana.sy\/tr\/index.php?rest_route=\/wp\/v2\/posts\/294681\/revisions"}],"predecessor-version":[{"id":294691,"href":"https:\/\/archive.sana.sy\/tr\/index.php?rest_route=\/wp\/v2\/posts\/294681\/revisions\/294691"}],"wp:featuredmedia":[{"embeddable":true,"href":"https:\/\/archive.sana.sy\/tr\/index.php?rest_route=\/wp\/v2\/media\/294682"}],"wp:attachment":[{"href":"https:\/\/archive.sana.sy\/tr\/index.php?rest_route=%2Fwp%2Fv2%2Fmedia&parent=294681"}],"wp:term":[{"taxonomy":"category","embeddable":true,"href":"https:\/\/archive.sana.sy\/tr\/index.php?rest_route=%2Fwp%2Fv2%2Fcategories&post=294681"},{"taxonomy":"post_tag","embeddable":true,"href":"https:\/\/archive.sana.sy\/tr\/index.php?rest_route=%2Fwp%2Fv2%2Ftags&post=294681"}],"curies":[{"name":"wp","href":"https:\/\/api.w.org\/{rel}","templated":true}]}}