{"id":294706,"date":"2024-01-06T08:53:04","date_gmt":"2024-01-06T05:53:04","guid":{"rendered":"https:\/\/sana.sy\/tr\/?p=294706"},"modified":"2024-01-07T09:23:18","modified_gmt":"2024-01-07T06:23:18","slug":"iran-deniz-kuvvetleri-icin-savas-gemisini-ebu-mehdi-el-muhendis-ve-100-fuze-firlatma-botunu-icerdi","status":"publish","type":"post","link":"https:\/\/archive.sana.sy\/tr\/?p=294706","title":{"rendered":"\u0130ran, Deniz Kuvvetleri \u0130\u00e7in Sava\u015f Gemisini (Ebu Mehdi El M\u00fchendis) Ve 100 F\u00fcze F\u0131rlatma Botunu \u0130\u00e7erdi"},"content":{"rendered":"<p style=\"text-align: justify;\"><strong>TAHRAN 06 OCAK (SANA) &#8211;<\/strong> \u0130ran Devrim Muhaf\u0131zlar\u0131 Ba\u015fkomutan\u0131 T\u00fcmgeneral H\u00fcseyin Selami, \u00fclkesinin d\u00fc\u015fmanlar\u0131n\u0131n \u0130ran halk\u0131n\u0131n hayat\u0131n\u0131 sava\u015f alan\u0131na \u00e7evirmesine izin vermeyece\u011fini vurgulad\u0131.<\/p>\n<p style=\"text-align: justify;\">Salami, bug\u00fcn Muhaf\u0131z Donanmas\u0131&#8217;na \u201cEbu Mehdi El M\u00fchendis\u201d askeri gemisinin teslim t\u00f6reninde yapt\u0131\u011f\u0131 konu\u015fmada \u015funlar\u0131 s\u00f6yledi: \u201c\u0130ran halk\u0131n\u0131n t\u00fcm hayat\u0131n\u0131 sava\u015f alan\u0131na \u00e7evirmeye \u00e7al\u0131\u015fan d\u00fc\u015fmanla topyek\u00fcn bir m\u00fccadeleyle kar\u015f\u0131 kar\u015f\u0131yay\u0131z. Ekonomik sald\u0131r\u0131dan ba\u015flayarak k\u00fclt\u00fcrel alana y\u00f6nelik yumu\u015fak sald\u0131r\u0131ya kadar, bunun yan\u0131 s\u0131ra istihbarat sava\u015f\u0131, ter\u00f6rizm vb. Buna, d\u00fc\u015fman\u0131n \u0130ran&#8217;\u0131 siyasi olarak izole etmeye y\u00f6nelik ba\u015far\u0131s\u0131z giri\u015fimi e\u015flik etti.\u201d<\/p>\n<p style=\"text-align: justify;\">Salami ay\u0131rca, \u0130ran Devrim Muhaf\u0131zlar\u0131&#8217;n\u0131n sava\u015flar\u0131n \u00e7\u00f6z\u00fcm\u00fcnde ana arena olarak denizlerin \u00f6neminin fark\u0131nda oldu\u011funu ve d\u00fc\u015fmanlar\u0131 yenmeyi hedefledi\u011fini belirterek, Deniz Kuvvetlerinin d\u00fc\u015fmana nerede olursa olsun ula\u015fabilmesi, uzak yerlerde de d\u00fc\u015fmanla kar\u015f\u0131 kar\u015f\u0131ya gelebilmesi gerekti\u011fini vurgulad\u0131.<\/p>\n<p style=\"text-align: justify;\">D\u00fc\u015fman\u0131n bir\u00e7ok zay\u0131f noktas\u0131n\u0131 onarman\u0131n imkans\u0131zl\u0131\u011f\u0131na dikkat \u00e7ekerek, \u0130ran Donanmas\u0131n\u0131n denizde tam bir muharebeye sahip oldu\u011funu ve Donanmada sava\u015f ba\u011f\u0131ms\u0131zl\u0131\u011f\u0131n\u0131n her d\u00fczeyde g\u00f6r\u00fclebilece\u011fini vurgulayan Selami, \u0130ran Devrim Muhaf\u0131zlar\u0131 Ba\u015fkomutan\u0131, \u0130ran Devrim Muhaf\u0131zlar\u0131n\u0131n irade, g\u00fc\u00e7 ve stratejiye sahip oldu\u011funu, zira d\u00fc\u015fman\u0131n bunu \u00e7\u0131karlar\u0131m\u0131z\u0131 savunma g\u00fcc\u00fcm\u00fcz\u00fcn bir par\u00e7as\u0131 olarak g\u00f6rd\u00fc\u011f\u00fcn\u00fc kaydetti.<\/p>\n<p style=\"text-align: center;\"><strong><a href=\"https:\/\/t.me\/SuriyeArapHaberAjansI\">Telegram Kanal\u0131m\u0131z\u00a0<\/a>||<a href=\"https:\/\/twitter.com\/arap_ajans\">X Platformumuz\u00a0<\/a>||<a href=\"https:\/\/www.facebook.com\/SANAHaberAjansi\/\">Facebook Sayfam\u0131z<\/a><\/strong><\/p>\n","protected":false},"excerpt":{"rendered":"<p>TAHRAN 06 OCAK (SANA) &#8211; \u0130ran Devrim Muhaf\u0131zlar\u0131 Ba\u015fkomutan\u0131 T\u00fcmgeneral H\u00fcseyin Selami, \u00fclkesinin d\u00fc\u015fmanlar\u0131n\u0131n \u0130ran halk\u0131n\u0131n hayat\u0131n\u0131 sava\u015f alan\u0131na \u00e7evirmesine izin vermeyece\u011fini vurgulad\u0131. Salami, bug\u00fcn Muhaf\u0131z Donanmas\u0131&#8217;na \u201cEbu Mehdi El M\u00fchendis\u201d askeri gemisinin teslim t\u00f6reninde yapt\u0131\u011f\u0131 konu\u015fmada \u015funlar\u0131 s\u00f6yledi: \u201c\u0130ran halk\u0131n\u0131n t\u00fcm hayat\u0131n\u0131 sava\u015f alan\u0131na \u00e7evirmeye \u00e7al\u0131\u015fan d\u00fc\u015fmanla topyek\u00fcn bir m\u00fccadeleyle kar\u015f\u0131 kar\u015f\u0131yay\u0131z. Ekonomik sald\u0131r\u0131dan &hellip;<\/p>\n","protected":false},"author":41,"featured_media":294707,"comment_status":"closed","ping_status":"closed","sticky":false,"template":"","format":"standard","meta":{"footnotes":""},"categories":[458,459,17988],"tags":[40712,3915],"class_list":["post-294706","post","type-post","status-publish","format-standard","has-post-thumbnail","","category-dunya1","category-haberler-arap-uluslararasi-politika","category-son-haberler","tag-deniz-kuvvetleri-icin-savas-gemisini-ebu-mehdi-el-muhendis-ve-100-fuze-firlatma-botunu-icerdi","tag-iran"],"_links":{"self":[{"href":"https:\/\/archive.sana.sy\/tr\/index.php?rest_route=\/wp\/v2\/posts\/294706","targetHints":{"allow":["GET"]}}],"collection":[{"href":"https:\/\/archive.sana.sy\/tr\/index.php?rest_route=\/wp\/v2\/posts"}],"about":[{"href":"https:\/\/archive.sana.sy\/tr\/index.php?rest_route=\/wp\/v2\/types\/post"}],"author":[{"embeddable":true,"href":"https:\/\/archive.sana.sy\/tr\/index.php?rest_route=\/wp\/v2\/users\/41"}],"replies":[{"embeddable":true,"href":"https:\/\/archive.sana.sy\/tr\/index.php?rest_route=%2Fwp%2Fv2%2Fcomments&post=294706"}],"version-history":[{"count":3,"href":"https:\/\/archive.sana.sy\/tr\/index.php?rest_route=\/wp\/v2\/posts\/294706\/revisions"}],"predecessor-version":[{"id":294710,"href":"https:\/\/archive.sana.sy\/tr\/index.php?rest_route=\/wp\/v2\/posts\/294706\/revisions\/294710"}],"wp:featuredmedia":[{"embeddable":true,"href":"https:\/\/archive.sana.sy\/tr\/index.php?rest_route=\/wp\/v2\/media\/294707"}],"wp:attachment":[{"href":"https:\/\/archive.sana.sy\/tr\/index.php?rest_route=%2Fwp%2Fv2%2Fmedia&parent=294706"}],"wp:term":[{"taxonomy":"category","embeddable":true,"href":"https:\/\/archive.sana.sy\/tr\/index.php?rest_route=%2Fwp%2Fv2%2Fcategories&post=294706"},{"taxonomy":"post_tag","embeddable":true,"href":"https:\/\/archive.sana.sy\/tr\/index.php?rest_route=%2Fwp%2Fv2%2Ftags&post=294706"}],"curies":[{"name":"wp","href":"https:\/\/api.w.org\/{rel}","templated":true}]}}