{"id":294711,"date":"2024-01-06T15:30:29","date_gmt":"2024-01-06T12:30:29","guid":{"rendered":"https:\/\/sana.sy\/tr\/?p=294711"},"modified":"2024-01-07T09:24:13","modified_gmt":"2024-01-07T06:24:13","slug":"isgalci-abd-suriye-halkinin-milli-servetini-yagmalamaya-devam-ediyor","status":"publish","type":"post","link":"https:\/\/archive.sana.sy\/tr\/?p=294711","title":{"rendered":"\u0130\u015fgalci ABD, Suriye Halk\u0131n\u0131n Milli Servetini Ya\u011fmalamaya Devam Ediyor"},"content":{"rendered":"<p style=\"text-align: justify;\"><strong>HASEKE 06 OCAK (SANA)<\/strong> &#8211; Ge\u00e7ti\u011fimiz saatlerde Amerikan i\u015fgal g\u00fc\u00e7leri, Suriye&#8217;deki Cezire sahalar\u0131ndan petrolle dolu onlarca tank\u0131 \u00e7ald\u0131.<\/p>\n<p style=\"text-align: justify;\">Irak s\u0131n\u0131r\u0131na yak\u0131n Yarubiya k\u0131rsal\u0131ndaki yerel kaynaklar SANA muhabirine verdi\u011fi deme\u00e7te, \u2018\u2019\u00c7al\u0131nt\u0131 Suriye petrol\u00fc y\u00fckl\u00fc 56 tankerden olu\u015fan bir Amerikan i\u015fgal konvoyu, bug\u00fcn \u015fafak vakti yasad\u0131\u015f\u0131 Mahmudiye ge\u00e7i\u015finden ge\u00e7erek Irak topraklar\u0131ndaki i\u015fgal \u00fcslerine do\u011fru yola \u00e7\u0131kt\u0131\u2019\u2019 dedi.<\/p>\n<p style=\"text-align: justify;\">Ayn\u0131 ba\u011flamda, Bu sabah, Amerikan i\u015fgal g\u00fc\u00e7leri yasad\u0131\u015f\u0131 El Velid ge\u00e7i\u015fini kullanarak 34 kapal\u0131 kamyon,\u00a0 t\u0131r ve b\u00fcy\u00fck tankerden olu\u015fan bir konvoyu Suriye Cezire&#8217;deki \u00fcslerinden Kuzey Irak&#8217;taki \u00fcslerine g\u00f6t\u00fcrd\u00fc.<\/p>\n<p style=\"text-align: center;\"><strong><a href=\"https:\/\/t.me\/SuriyeArapHaberAjansI\">Telegram Kanal\u0131m\u0131z\u00a0<\/a>||<a href=\"https:\/\/twitter.com\/arap_ajans\">X Platformumuz\u00a0<\/a>||<a href=\"https:\/\/www.facebook.com\/SANAHaberAjansi\/\">Facebook Sayfam\u0131z<\/a><\/strong><\/p>\n","protected":false},"excerpt":{"rendered":"<p>HASEKE 06 OCAK (SANA) &#8211; Ge\u00e7ti\u011fimiz saatlerde Amerikan i\u015fgal g\u00fc\u00e7leri, Suriye&#8217;deki Cezire sahalar\u0131ndan petrolle dolu onlarca tank\u0131 \u00e7ald\u0131. Irak s\u0131n\u0131r\u0131na yak\u0131n Yarubiya k\u0131rsal\u0131ndaki yerel kaynaklar SANA muhabirine verdi\u011fi deme\u00e7te, \u2018\u2019\u00c7al\u0131nt\u0131 Suriye petrol\u00fc y\u00fckl\u00fc 56 tankerden olu\u015fan bir Amerikan i\u015fgal konvoyu, bug\u00fcn \u015fafak vakti yasad\u0131\u015f\u0131 Mahmudiye ge\u00e7i\u015finden ge\u00e7erek Irak topraklar\u0131ndaki i\u015fgal \u00fcslerine do\u011fru yola \u00e7\u0131kt\u0131\u2019\u2019 dedi. &hellip;<\/p>\n","protected":false},"author":41,"featured_media":294712,"comment_status":"closed","ping_status":"closed","sticky":false,"template":"","format":"standard","meta":{"footnotes":""},"categories":[479,575,17988,478],"tags":[40422,40713],"class_list":["post-294711","post","type-post","status-publish","format-standard","has-post-thumbnail","","category-haberler-yerel","category-olaylar-ve-gercekler","category-son-haberler","category-yerel","tag-isgalci-abd","tag-suriye-halkinin-milli-servetini-yagmalamaya-devam-ediyor"],"_links":{"self":[{"href":"https:\/\/archive.sana.sy\/tr\/index.php?rest_route=\/wp\/v2\/posts\/294711","targetHints":{"allow":["GET"]}}],"collection":[{"href":"https:\/\/archive.sana.sy\/tr\/index.php?rest_route=\/wp\/v2\/posts"}],"about":[{"href":"https:\/\/archive.sana.sy\/tr\/index.php?rest_route=\/wp\/v2\/types\/post"}],"author":[{"embeddable":true,"href":"https:\/\/archive.sana.sy\/tr\/index.php?rest_route=\/wp\/v2\/users\/41"}],"replies":[{"embeddable":true,"href":"https:\/\/archive.sana.sy\/tr\/index.php?rest_route=%2Fwp%2Fv2%2Fcomments&post=294711"}],"version-history":[{"count":1,"href":"https:\/\/archive.sana.sy\/tr\/index.php?rest_route=\/wp\/v2\/posts\/294711\/revisions"}],"predecessor-version":[{"id":294713,"href":"https:\/\/archive.sana.sy\/tr\/index.php?rest_route=\/wp\/v2\/posts\/294711\/revisions\/294713"}],"wp:featuredmedia":[{"embeddable":true,"href":"https:\/\/archive.sana.sy\/tr\/index.php?rest_route=\/wp\/v2\/media\/294712"}],"wp:attachment":[{"href":"https:\/\/archive.sana.sy\/tr\/index.php?rest_route=%2Fwp%2Fv2%2Fmedia&parent=294711"}],"wp:term":[{"taxonomy":"category","embeddable":true,"href":"https:\/\/archive.sana.sy\/tr\/index.php?rest_route=%2Fwp%2Fv2%2Fcategories&post=294711"},{"taxonomy":"post_tag","embeddable":true,"href":"https:\/\/archive.sana.sy\/tr\/index.php?rest_route=%2Fwp%2Fv2%2Ftags&post=294711"}],"curies":[{"name":"wp","href":"https:\/\/api.w.org\/{rel}","templated":true}]}}