{"id":294727,"date":"2024-01-06T16:27:39","date_gmt":"2024-01-06T13:27:39","guid":{"rendered":"https:\/\/sana.sy\/tr\/?p=294727"},"modified":"2024-01-08T13:34:07","modified_gmt":"2024-01-08T10:34:07","slug":"cumhurbaskani-esad-cimento-ve-insaat-malzemeleri-uretimi-ve-pazarlamasi-genel-sirketini-kuran-bir-k-h-kararname-cikardi","status":"publish","type":"post","link":"https:\/\/archive.sana.sy\/tr\/?p=294727","title":{"rendered":"Cumhurba\u015fkan\u0131 Esad, \u00c7imento Ve \u0130n\u015faat Malzemeleri \u00dcretimi Ve Pazarlamas\u0131 Genel \u015eirketini Kuran Bir K.H. Kararname \u00c7\u0131kard\u0131"},"content":{"rendered":"<p style=\"text-align: justify;\"><strong>\u015eAM 06 OCAK (SANA)<\/strong> &#8211; Bug\u00fcn Cumhurba\u015fkan\u0131 Be\u015f\u015far Esad, \u00c7imento ve \u0130n\u015faat Malzemeleri Genel Organizasyonu ve ba\u011fl\u0131 kurulu\u015flar\u0131n\u0131n yerine \u00c7imento ve \u0130n\u015faat Malzemeleri \u0130malat\u0131 ve Pazarlamas\u0131 Genel \u015eirketi Amran&#8217;\u0131 kuran 2024 tarihli (3) say\u0131l\u0131 Kanun H\u00fckm\u00fcnde Kararname&#8217;yi yay\u0131nlad\u0131.<\/p>\n<p style=\"text-align: justify;\">\u00a0B\u00f6ylece iki kurum, merkezi \u015eam&#8217;da bulunan, t\u00fczel ki\u015fili\u011fe sahip, mali ve idari ba\u011f\u0131ms\u0131zl\u0131\u011fa sahip, ekonomik nitelikte bir \u015firket haline geldi.<\/p>\n<p style=\"text-align: justify;\">Bu ad\u0131m, \u00e7imentonun \u00fcretim ve pazarlama y\u00f6nlerini tek bir \u015firkette entegre ederek, \u00e7imento sekt\u00f6r\u00fcnde daha y\u00fcksek bir devlet kapasitesine ula\u015fmada daha fazla \u00e7al\u0131\u015fma esnekli\u011fi ve sorunsuzlu\u011fu sa\u011flamak anlam\u0131na geliyor.<\/p>\n<p style=\"text-align: justify;\">Kararnamede ayr\u0131ca, yeni kurulan \u015firketin, Y\u00f6netim Kurulu ve \u00dcst Y\u00f6netim ile Suriyeli, Arap ve yabanc\u0131 uzman, bilirki\u015fi ve dan\u0131\u015fmanlar\u0131n da deste\u011fiyle \u00e7al\u0131\u015fmalar\u0131n\u0131 modern bir \u015fekilde y\u00fcr\u00fctmesine yard\u0131mc\u0131 olacak h\u00fck\u00fcmlere yer verildi.<\/p>\n<p style=\"text-align: center;\"><strong><a href=\"https:\/\/t.me\/SuriyeArapHaberAjansI\">Telegram Kanal\u0131m\u0131z\u00a0<\/a>||<a href=\"https:\/\/twitter.com\/arap_ajans\">X Platformumuz\u00a0<\/a>||<a href=\"https:\/\/www.facebook.com\/SANAHaberAjansi\/\">Facebook Sayfam\u0131z<\/a><\/strong><\/p>\n","protected":false},"excerpt":{"rendered":"<p>\u015eAM 06 OCAK (SANA) &#8211; Bug\u00fcn Cumhurba\u015fkan\u0131 Be\u015f\u015far Esad, \u00c7imento ve \u0130n\u015faat Malzemeleri Genel Organizasyonu ve ba\u011fl\u0131 kurulu\u015flar\u0131n\u0131n yerine \u00c7imento ve \u0130n\u015faat Malzemeleri \u0130malat\u0131 ve Pazarlamas\u0131 Genel \u015eirketi Amran&#8217;\u0131 kuran 2024 tarihli (3) say\u0131l\u0131 Kanun H\u00fckm\u00fcnde Kararname&#8217;yi yay\u0131nlad\u0131. \u00a0B\u00f6ylece iki kurum, merkezi \u015eam&#8217;da bulunan, t\u00fczel ki\u015fili\u011fe sahip, mali ve idari ba\u011f\u0131ms\u0131zl\u0131\u011fa sahip, ekonomik nitelikte bir &hellip;<\/p>\n","protected":false},"author":41,"featured_media":294728,"comment_status":"closed","ping_status":"closed","sticky":false,"template":"","format":"standard","meta":{"footnotes":""},"categories":[606,605],"tags":[40716,38219],"class_list":["post-294727","post","type-post","status-publish","format-standard","has-post-thumbnail","","category-cumhurbaskani","category-sayin-cumhurbaskani","tag-cimento-ve-insaat-malzemeleri-uretimi-ve-pazarlamasi-genel-sirketini-kuran-bir-k-h-kararname-cikardi","tag-cumhurbaskani-esad"],"_links":{"self":[{"href":"https:\/\/archive.sana.sy\/tr\/index.php?rest_route=\/wp\/v2\/posts\/294727","targetHints":{"allow":["GET"]}}],"collection":[{"href":"https:\/\/archive.sana.sy\/tr\/index.php?rest_route=\/wp\/v2\/posts"}],"about":[{"href":"https:\/\/archive.sana.sy\/tr\/index.php?rest_route=\/wp\/v2\/types\/post"}],"author":[{"embeddable":true,"href":"https:\/\/archive.sana.sy\/tr\/index.php?rest_route=\/wp\/v2\/users\/41"}],"replies":[{"embeddable":true,"href":"https:\/\/archive.sana.sy\/tr\/index.php?rest_route=%2Fwp%2Fv2%2Fcomments&post=294727"}],"version-history":[{"count":1,"href":"https:\/\/archive.sana.sy\/tr\/index.php?rest_route=\/wp\/v2\/posts\/294727\/revisions"}],"predecessor-version":[{"id":294729,"href":"https:\/\/archive.sana.sy\/tr\/index.php?rest_route=\/wp\/v2\/posts\/294727\/revisions\/294729"}],"wp:featuredmedia":[{"embeddable":true,"href":"https:\/\/archive.sana.sy\/tr\/index.php?rest_route=\/wp\/v2\/media\/294728"}],"wp:attachment":[{"href":"https:\/\/archive.sana.sy\/tr\/index.php?rest_route=%2Fwp%2Fv2%2Fmedia&parent=294727"}],"wp:term":[{"taxonomy":"category","embeddable":true,"href":"https:\/\/archive.sana.sy\/tr\/index.php?rest_route=%2Fwp%2Fv2%2Fcategories&post=294727"},{"taxonomy":"post_tag","embeddable":true,"href":"https:\/\/archive.sana.sy\/tr\/index.php?rest_route=%2Fwp%2Fv2%2Ftags&post=294727"}],"curies":[{"name":"wp","href":"https:\/\/api.w.org\/{rel}","templated":true}]}}