{"id":294730,"date":"2024-01-06T08:15:12","date_gmt":"2024-01-06T05:15:12","guid":{"rendered":"https:\/\/sana.sy\/tr\/?p=294730"},"modified":"2024-01-07T09:23:14","modified_gmt":"2024-01-07T06:23:14","slug":"japonyadaki-depremde-olu-sayisi-126ya-yukseldi","status":"publish","type":"post","link":"https:\/\/archive.sana.sy\/tr\/?p=294730","title":{"rendered":"Japonya&#8217;daki Depremde \u00d6l\u00fc Say\u0131s\u0131 126&#8217;ya Y\u00fckseldi"},"content":{"rendered":"<p style=\"text-align: justify;\"><strong>TOKYO 06 OCAK (SANA)<\/strong> &#8211; Ge\u00e7en Pazartesi Japonya&#8217;n\u0131n merkezindeki Ishikawa Eyaleti ve \u00e7evre b\u00f6lgelerini vuran depremde \u00f6lenlerin say\u0131s\u0131 126 ki\u015fiye y\u00fckseldi.<\/p>\n<p style=\"text-align: justify;\">Japon Kyodo ajans\u0131, yerel yetkililerin bug\u00fcn \u015funlar\u0131 s\u00f6yledi\u011fini aktard\u0131: \u201cBug\u00fcne kadar depremde 126 ki\u015fi \u00f6ld\u00fc, Ishikawa Eyaleti&#8217;nde ise 210 ki\u015fi h\u00e2l\u00e2 kay\u0131p. Ya\u011fmur ve so\u011fuk, kurtarma operasyonlar\u0131n\u0131 engelledi ve b\u00f6lgenin yar\u0131n ya\u011fmur ve karla kar\u015f\u0131la\u015faca\u011f\u0131 y\u00f6n\u00fcnde beklentiler var.&#8221;<\/p>\n<p style=\"text-align: justify;\">Depremde zarar g\u00f6ren yollar nedeniyle yetkililer yard\u0131m malzemelerini ula\u015ft\u0131rmakta zorlan\u0131yor.<\/p>\n<p style=\"text-align: justify;\">Daha \u00f6nce bug\u00fcn yap\u0131lan bir a\u00e7\u0131klamada depremde \u00f6lenlerin say\u0131s\u0131n\u0131n 100 ki\u015fiye ula\u015ft\u0131\u011f\u0131 bildirilmi\u015fti.<\/p>\n<p style=\"text-align: center;\"><strong><a href=\"https:\/\/t.me\/SuriyeArapHaberAjansI\">Telegram Kanal\u0131m\u0131z\u00a0<\/a>||<a href=\"https:\/\/twitter.com\/arap_ajans\">X Platformumuz\u00a0<\/a>||<a href=\"https:\/\/www.facebook.com\/SANAHaberAjansi\/\">Facebook Sayfam\u0131z<\/a><\/strong><\/p>\n","protected":false},"excerpt":{"rendered":"<p>TOKYO 06 OCAK (SANA) &#8211; Ge\u00e7en Pazartesi Japonya&#8217;n\u0131n merkezindeki Ishikawa Eyaleti ve \u00e7evre b\u00f6lgelerini vuran depremde \u00f6lenlerin say\u0131s\u0131 126 ki\u015fiye y\u00fckseldi. Japon Kyodo ajans\u0131, yerel yetkililerin bug\u00fcn \u015funlar\u0131 s\u00f6yledi\u011fini aktard\u0131: \u201cBug\u00fcne kadar depremde 126 ki\u015fi \u00f6ld\u00fc, Ishikawa Eyaleti&#8217;nde ise 210 ki\u015fi h\u00e2l\u00e2 kay\u0131p. Ya\u011fmur ve so\u011fuk, kurtarma operasyonlar\u0131n\u0131 engelledi ve b\u00f6lgenin yar\u0131n ya\u011fmur ve karla &hellip;<\/p>\n","protected":false},"author":41,"featured_media":294731,"comment_status":"closed","ping_status":"closed","sticky":false,"template":"","format":"standard","meta":{"footnotes":""},"categories":[458,459,17988],"tags":[40717],"class_list":["post-294730","post","type-post","status-publish","format-standard","has-post-thumbnail","","category-dunya1","category-haberler-arap-uluslararasi-politika","category-son-haberler","tag-japonyadaki-depremde-olu-sayisi-126ya-yukseldi"],"_links":{"self":[{"href":"https:\/\/archive.sana.sy\/tr\/index.php?rest_route=\/wp\/v2\/posts\/294730","targetHints":{"allow":["GET"]}}],"collection":[{"href":"https:\/\/archive.sana.sy\/tr\/index.php?rest_route=\/wp\/v2\/posts"}],"about":[{"href":"https:\/\/archive.sana.sy\/tr\/index.php?rest_route=\/wp\/v2\/types\/post"}],"author":[{"embeddable":true,"href":"https:\/\/archive.sana.sy\/tr\/index.php?rest_route=\/wp\/v2\/users\/41"}],"replies":[{"embeddable":true,"href":"https:\/\/archive.sana.sy\/tr\/index.php?rest_route=%2Fwp%2Fv2%2Fcomments&post=294730"}],"version-history":[{"count":1,"href":"https:\/\/archive.sana.sy\/tr\/index.php?rest_route=\/wp\/v2\/posts\/294730\/revisions"}],"predecessor-version":[{"id":294732,"href":"https:\/\/archive.sana.sy\/tr\/index.php?rest_route=\/wp\/v2\/posts\/294730\/revisions\/294732"}],"wp:featuredmedia":[{"embeddable":true,"href":"https:\/\/archive.sana.sy\/tr\/index.php?rest_route=\/wp\/v2\/media\/294731"}],"wp:attachment":[{"href":"https:\/\/archive.sana.sy\/tr\/index.php?rest_route=%2Fwp%2Fv2%2Fmedia&parent=294730"}],"wp:term":[{"taxonomy":"category","embeddable":true,"href":"https:\/\/archive.sana.sy\/tr\/index.php?rest_route=%2Fwp%2Fv2%2Fcategories&post=294730"},{"taxonomy":"post_tag","embeddable":true,"href":"https:\/\/archive.sana.sy\/tr\/index.php?rest_route=%2Fwp%2Fv2%2Ftags&post=294730"}],"curies":[{"name":"wp","href":"https:\/\/api.w.org\/{rel}","templated":true}]}}