{"id":294734,"date":"2024-01-06T07:54:29","date_gmt":"2024-01-06T04:54:29","guid":{"rendered":"https:\/\/sana.sy\/tr\/?p=294734"},"modified":"2024-01-06T17:56:10","modified_gmt":"2024-01-06T14:56:10","slug":"italya-liginde-bologna-cenova-ile-berabere-kaldi","status":"publish","type":"post","link":"https:\/\/archive.sana.sy\/tr\/?p=294734","title":{"rendered":"\u0130talya Ligi&#8217;nde Bologna Cenova \u0130le Berabere Kald\u0131"},"content":{"rendered":"<p style=\"text-align: justify;\"><strong>ROMA\u00a0 06 OCAK (SANA)<\/strong> &#8211; Bologna ekibi, \u0130talya Futbol Ligi&#8217;nde 19. turda bir araya geldi\u011fi kar\u015f\u0131la\u015fmada konuk Cenova ile birer gol berabere kald\u0131.<\/p>\n<p style=\"text-align: justify;\">Cenova, 20. dakikada Albert Gudmundsson&#8217;un att\u0131\u011f\u0131 golle \u00f6ne ge\u00e7erken, 90. dakikada Lorenzo De Silvestri Bologna ad\u0131na skoru e\u015fitledi.<\/p>\n<p style=\"text-align: justify;\">Bu sonu\u00e7la Bologna puan\u0131n\u0131 32&#8217;ye \u00e7\u0131kararak \u0130talya Ligi tak\u0131mlar s\u0131ralamas\u0131nda be\u015finci s\u0131raya yerle\u015firken, Cenova da puan\u0131n\u0131 21&#8217;e \u00e7\u0131kararak on ikinci s\u0131raya yerle\u015fti.<\/p>\n<p><strong><a href=\"https:\/\/t.me\/SuriyeArapHaberAjansI\">Telegram Kanal\u0131m\u0131z\u00a0<\/a>||<a href=\"https:\/\/twitter.com\/arap_ajans\">X Platformumuz\u00a0<\/a>||<a href=\"https:\/\/www.facebook.com\/SANAHaberAjansi\/\">Facebook Sayfam\u0131z<\/a><\/strong><\/p>\n","protected":false},"excerpt":{"rendered":"<p>ROMA\u00a0 06 OCAK (SANA) &#8211; Bologna ekibi, \u0130talya Futbol Ligi&#8217;nde 19. turda bir araya geldi\u011fi kar\u015f\u0131la\u015fmada konuk Cenova ile birer gol berabere kald\u0131. Cenova, 20. dakikada Albert Gudmundsson&#8217;un att\u0131\u011f\u0131 golle \u00f6ne ge\u00e7erken, 90. dakikada Lorenzo De Silvestri Bologna ad\u0131na skoru e\u015fitledi. Bu sonu\u00e7la Bologna puan\u0131n\u0131 32&#8217;ye \u00e7\u0131kararak \u0130talya Ligi tak\u0131mlar s\u0131ralamas\u0131nda be\u015finci s\u0131raya yerle\u015firken, Cenova &hellip;<\/p>\n","protected":false},"author":41,"featured_media":294735,"comment_status":"closed","ping_status":"closed","sticky":false,"template":"","format":"standard","meta":{"footnotes":""},"categories":[458,498,459,17988,496],"tags":[],"class_list":["post-294734","post","type-post","status-publish","format-standard","has-post-thumbnail","","category-dunya1","category-dunya-turnuvalari","category-haberler-arap-uluslararasi-politika","category-son-haberler","category-spor"],"_links":{"self":[{"href":"https:\/\/archive.sana.sy\/tr\/index.php?rest_route=\/wp\/v2\/posts\/294734","targetHints":{"allow":["GET"]}}],"collection":[{"href":"https:\/\/archive.sana.sy\/tr\/index.php?rest_route=\/wp\/v2\/posts"}],"about":[{"href":"https:\/\/archive.sana.sy\/tr\/index.php?rest_route=\/wp\/v2\/types\/post"}],"author":[{"embeddable":true,"href":"https:\/\/archive.sana.sy\/tr\/index.php?rest_route=\/wp\/v2\/users\/41"}],"replies":[{"embeddable":true,"href":"https:\/\/archive.sana.sy\/tr\/index.php?rest_route=%2Fwp%2Fv2%2Fcomments&post=294734"}],"version-history":[{"count":1,"href":"https:\/\/archive.sana.sy\/tr\/index.php?rest_route=\/wp\/v2\/posts\/294734\/revisions"}],"predecessor-version":[{"id":294736,"href":"https:\/\/archive.sana.sy\/tr\/index.php?rest_route=\/wp\/v2\/posts\/294734\/revisions\/294736"}],"wp:featuredmedia":[{"embeddable":true,"href":"https:\/\/archive.sana.sy\/tr\/index.php?rest_route=\/wp\/v2\/media\/294735"}],"wp:attachment":[{"href":"https:\/\/archive.sana.sy\/tr\/index.php?rest_route=%2Fwp%2Fv2%2Fmedia&parent=294734"}],"wp:term":[{"taxonomy":"category","embeddable":true,"href":"https:\/\/archive.sana.sy\/tr\/index.php?rest_route=%2Fwp%2Fv2%2Fcategories&post=294734"},{"taxonomy":"post_tag","embeddable":true,"href":"https:\/\/archive.sana.sy\/tr\/index.php?rest_route=%2Fwp%2Fv2%2Ftags&post=294734"}],"curies":[{"name":"wp","href":"https:\/\/api.w.org\/{rel}","templated":true}]}}