{"id":294737,"date":"2024-01-06T06:05:19","date_gmt":"2024-01-06T03:05:19","guid":{"rendered":"https:\/\/sana.sy\/tr\/?p=294737"},"modified":"2024-01-07T09:23:09","modified_gmt":"2024-01-07T06:23:09","slug":"turkiyenin-kuzeyinde-korkutan-deprem-meydana-geldi","status":"publish","type":"post","link":"https:\/\/archive.sana.sy\/tr\/?p=294737","title":{"rendered":"T\u00fcrkiye&#8217;nin Kuzeyinde Korkutan Deprem Meydana Geldi"},"content":{"rendered":"<p style=\"text-align: justify;\"><strong>ANKARA 06 OCAK (SANA)<\/strong> &#8211; Bolu&#8217;da Richter \u00f6l\u00e7e\u011fine g\u00f6re 4,2 b\u00fcy\u00fckl\u00fc\u011f\u00fcnde deprem meydana geldi.<\/p>\n<p style=\"text-align: justify;\">Anadolu Ajans\u0131, T\u00fcrkiye Afet ve Acil Durum Y\u00f6netimi Dairesi Ba\u015fkanl\u0131\u011f\u0131 AFAD&#8217;\u0131n bug\u00fcn yapt\u0131\u011f\u0131 a\u00e7\u0131klamada \u015funlar\u0131 kaydetti: \u2018\u2019Deprem d\u00fcn gece Bolo Eyaleti&#8217;nde 7,31 kilometre derinlikte tespit edildi.\u2019\u2019<\/p>\n<p style=\"text-align: justify;\">Deprem sonucu herhangi bir can ve mal kayb\u0131 ya\u015fanmad\u0131.<\/p>\n<p style=\"text-align: center;\"><strong><a href=\"https:\/\/t.me\/SuriyeArapHaberAjansI\">Telegram Kanal\u0131m\u0131z\u00a0<\/a>||<a href=\"https:\/\/twitter.com\/arap_ajans\">X Platformumuz\u00a0<\/a>||<a href=\"https:\/\/www.facebook.com\/SANAHaberAjansi\/\">Facebook Sayfam\u0131z<\/a><\/strong><\/p>\n","protected":false},"excerpt":{"rendered":"<p>ANKARA 06 OCAK (SANA) &#8211; Bolu&#8217;da Richter \u00f6l\u00e7e\u011fine g\u00f6re 4,2 b\u00fcy\u00fckl\u00fc\u011f\u00fcnde deprem meydana geldi. Anadolu Ajans\u0131, T\u00fcrkiye Afet ve Acil Durum Y\u00f6netimi Dairesi Ba\u015fkanl\u0131\u011f\u0131 AFAD&#8217;\u0131n bug\u00fcn yapt\u0131\u011f\u0131 a\u00e7\u0131klamada \u015funlar\u0131 kaydetti: \u2018\u2019Deprem d\u00fcn gece Bolo Eyaleti&#8217;nde 7,31 kilometre derinlikte tespit edildi.\u2019\u2019 Deprem sonucu herhangi bir can ve mal kayb\u0131 ya\u015fanmad\u0131. Telegram Kanal\u0131m\u0131z\u00a0||X Platformumuz\u00a0||Facebook Sayfam\u0131z<\/p>\n","protected":false},"author":41,"featured_media":294738,"comment_status":"closed","ping_status":"closed","sticky":false,"template":"","format":"standard","meta":{"footnotes":""},"categories":[458,459,17988],"tags":[40718,38303],"class_list":["post-294737","post","type-post","status-publish","format-standard","has-post-thumbnail","","category-dunya1","category-haberler-arap-uluslararasi-politika","category-son-haberler","tag-boluda-deprem","tag-turkiyede-deprem"],"_links":{"self":[{"href":"https:\/\/archive.sana.sy\/tr\/index.php?rest_route=\/wp\/v2\/posts\/294737","targetHints":{"allow":["GET"]}}],"collection":[{"href":"https:\/\/archive.sana.sy\/tr\/index.php?rest_route=\/wp\/v2\/posts"}],"about":[{"href":"https:\/\/archive.sana.sy\/tr\/index.php?rest_route=\/wp\/v2\/types\/post"}],"author":[{"embeddable":true,"href":"https:\/\/archive.sana.sy\/tr\/index.php?rest_route=\/wp\/v2\/users\/41"}],"replies":[{"embeddable":true,"href":"https:\/\/archive.sana.sy\/tr\/index.php?rest_route=%2Fwp%2Fv2%2Fcomments&post=294737"}],"version-history":[{"count":1,"href":"https:\/\/archive.sana.sy\/tr\/index.php?rest_route=\/wp\/v2\/posts\/294737\/revisions"}],"predecessor-version":[{"id":294739,"href":"https:\/\/archive.sana.sy\/tr\/index.php?rest_route=\/wp\/v2\/posts\/294737\/revisions\/294739"}],"wp:featuredmedia":[{"embeddable":true,"href":"https:\/\/archive.sana.sy\/tr\/index.php?rest_route=\/wp\/v2\/media\/294738"}],"wp:attachment":[{"href":"https:\/\/archive.sana.sy\/tr\/index.php?rest_route=%2Fwp%2Fv2%2Fmedia&parent=294737"}],"wp:term":[{"taxonomy":"category","embeddable":true,"href":"https:\/\/archive.sana.sy\/tr\/index.php?rest_route=%2Fwp%2Fv2%2Fcategories&post=294737"},{"taxonomy":"post_tag","embeddable":true,"href":"https:\/\/archive.sana.sy\/tr\/index.php?rest_route=%2Fwp%2Fv2%2Ftags&post=294737"}],"curies":[{"name":"wp","href":"https:\/\/api.w.org\/{rel}","templated":true}]}}