{"id":294744,"date":"2024-01-07T08:00:47","date_gmt":"2024-01-07T05:00:47","guid":{"rendered":"https:\/\/sana.sy\/tr\/?p=294744"},"modified":"2024-01-08T08:14:24","modified_gmt":"2024-01-08T05:14:24","slug":"haseke-kirsalinda-ahali-amerikan-isgaline-ait-bir-konvoyu-kovdu","status":"publish","type":"post","link":"https:\/\/archive.sana.sy\/tr\/?p=294744","title":{"rendered":"Haseke K\u0131rsal\u0131 Halk\u0131, \u0130\u015fgalci Amerika&#8217;ya Ait Bir Konvoyu Kovdu"},"content":{"rendered":"<p style=\"text-align: justify;\"><strong>HASEKE 07 Ocak 2024 (SANA)<\/strong> \u2013 Haseke k\u0131rsal\u0131n\u0131n El Yarubiyah b\u00f6lgesindeki Ta\u015f Havas k\u00f6y\u00fc halk\u0131, Amerikan i\u015fgal g\u00fc\u00e7leri ile &#8220;DSG&#8221; milislerinin ortak askeri ara\u00e7 konvoyuyla kar\u015f\u0131 kar\u015f\u0131ya gelerek konvoyun k\u00f6ylerine girmesini engelledi.<\/p>\n<p style=\"text-align: justify;\">Yarubiyah k\u0131rsal\u0131ndaki yerel kaynaklar SANA muhabirine verdi\u011fi deme\u00e7te, &#8221;\u0130ki Amerikan i\u015fgal askeri z\u0131rhl\u0131 arac\u0131 ve &#8220;DSG&#8221; milislerine ait bir ara\u00e7tan olu\u015fan konvoyun, Ta\u015f Havas k\u00f6y\u00fcne ge\u00e7meye \u00e7al\u0131\u015ft\u0131\u011f\u0131n\u0131, halk\u0131n, konvoya kar\u015f\u0131 \u00e7\u0131k\u0131p ve ona ta\u015f att\u0131\u011f\u0131n\u0131&#8221; belirtti.<\/p>\n<p style=\"text-align: center;\"><strong><a href=\"https:\/\/t.me\/SuriyeArapHaberAjansI\">Telegram Kanal\u0131m\u0131z\u00a0<\/a>||<a href=\"https:\/\/twitter.com\/arap_ajans\">X Platformumuz\u00a0<\/a>||<a href=\"https:\/\/www.facebook.com\/SANAHaberAjansi\/\">Facebook Sayfam\u0131z<\/a><\/strong><\/p>\n","protected":false},"excerpt":{"rendered":"<p>HASEKE 07 Ocak 2024 (SANA) \u2013 Haseke k\u0131rsal\u0131n\u0131n El Yarubiyah b\u00f6lgesindeki Ta\u015f Havas k\u00f6y\u00fc halk\u0131, Amerikan i\u015fgal g\u00fc\u00e7leri ile &#8220;DSG&#8221; milislerinin ortak askeri ara\u00e7 konvoyuyla kar\u015f\u0131 kar\u015f\u0131ya gelerek konvoyun k\u00f6ylerine girmesini engelledi. Yarubiyah k\u0131rsal\u0131ndaki yerel kaynaklar SANA muhabirine verdi\u011fi deme\u00e7te, &#8221;\u0130ki Amerikan i\u015fgal askeri z\u0131rhl\u0131 arac\u0131 ve &#8220;DSG&#8221; milislerine ait bir ara\u00e7tan olu\u015fan konvoyun, Ta\u015f &hellip;<\/p>\n","protected":false},"author":39,"featured_media":294745,"comment_status":"closed","ping_status":"closed","sticky":false,"template":"","format":"standard","meta":{"footnotes":""},"categories":[479,575,17988,478],"tags":[],"class_list":["post-294744","post","type-post","status-publish","format-standard","has-post-thumbnail","","category-haberler-yerel","category-olaylar-ve-gercekler","category-son-haberler","category-yerel"],"_links":{"self":[{"href":"https:\/\/archive.sana.sy\/tr\/index.php?rest_route=\/wp\/v2\/posts\/294744","targetHints":{"allow":["GET"]}}],"collection":[{"href":"https:\/\/archive.sana.sy\/tr\/index.php?rest_route=\/wp\/v2\/posts"}],"about":[{"href":"https:\/\/archive.sana.sy\/tr\/index.php?rest_route=\/wp\/v2\/types\/post"}],"author":[{"embeddable":true,"href":"https:\/\/archive.sana.sy\/tr\/index.php?rest_route=\/wp\/v2\/users\/39"}],"replies":[{"embeddable":true,"href":"https:\/\/archive.sana.sy\/tr\/index.php?rest_route=%2Fwp%2Fv2%2Fcomments&post=294744"}],"version-history":[{"count":7,"href":"https:\/\/archive.sana.sy\/tr\/index.php?rest_route=\/wp\/v2\/posts\/294744\/revisions"}],"predecessor-version":[{"id":294780,"href":"https:\/\/archive.sana.sy\/tr\/index.php?rest_route=\/wp\/v2\/posts\/294744\/revisions\/294780"}],"wp:featuredmedia":[{"embeddable":true,"href":"https:\/\/archive.sana.sy\/tr\/index.php?rest_route=\/wp\/v2\/media\/294745"}],"wp:attachment":[{"href":"https:\/\/archive.sana.sy\/tr\/index.php?rest_route=%2Fwp%2Fv2%2Fmedia&parent=294744"}],"wp:term":[{"taxonomy":"category","embeddable":true,"href":"https:\/\/archive.sana.sy\/tr\/index.php?rest_route=%2Fwp%2Fv2%2Fcategories&post=294744"},{"taxonomy":"post_tag","embeddable":true,"href":"https:\/\/archive.sana.sy\/tr\/index.php?rest_route=%2Fwp%2Fv2%2Ftags&post=294744"}],"curies":[{"name":"wp","href":"https:\/\/api.w.org\/{rel}","templated":true}]}}