{"id":294754,"date":"2024-01-07T08:02:55","date_gmt":"2024-01-07T05:02:55","guid":{"rendered":"https:\/\/sana.sy\/tr\/?p=294754"},"modified":"2024-01-08T08:14:29","modified_gmt":"2024-01-08T05:14:29","slug":"israil-isgal-ucaginin-cenin-sehrini-bombalamasinda-6-kisi-sehit-dustu-digerleri-de-yaralandi","status":"publish","type":"post","link":"https:\/\/archive.sana.sy\/tr\/?p=294754","title":{"rendered":"\u0130srail \u0130\u015fgal U\u00e7a\u011f\u0131n\u0131n Cenin \u015eehrini Bombalamas\u0131nda 6 Ki\u015fi \u015eehit D\u00fc\u015ft\u00fc, Di\u011ferleri De Yaraland\u0131"},"content":{"rendered":"<p style=\"text-align: justify;\"><strong>\u0130\u015eGAL ED\u0130LEN KUD\u00dcS 07 Ocak 2024 (SANA) \u2013 <\/strong>\u0130srail i\u015fgal \u0130HA&#8217;\u0131n\u0131n Bat\u0131 \u015eeria&#8217;n\u0131n Cenin \u015fehrinin g\u00fcneyinde Filistinlilerin topland\u0131\u011f\u0131 toplant\u0131y\u0131 bombalamas\u0131 sonucu 6 Filistinli \u015fehit d\u00fc\u015ft\u00fc, di\u011ferleri de yaraland\u0131.<\/p>\n<p style=\"text-align: justify;\">WAFA Haber Ajans\u0131,\u00a0 &#8221;Filistin Sa\u011fl\u0131k Bakanl\u0131\u011f\u0131&#8217;n\u0131n, &#8220;\u0130srail i\u015fgal insans\u0131z hava arac\u0131n\u0131n \u015fehrin g\u00fcneyindeki \u015eehitler Kav\u015fa\u011f\u0131 yak\u0131n\u0131nda bir grup Filistinliyi bombalayarak alt\u0131 Filistinliyi \u015fehit d\u00fc\u015ft\u00fc\u011f\u00fcn\u00fc, di\u011ferlerini yaralad\u0131\u011f\u0131n\u0131&#8221; kaydetti\u011fini aktard\u0131.<\/p>\n<p style=\"text-align: center;\"><strong><a href=\"https:\/\/t.me\/SuriyeArapHaberAjansI\">Telegram Kanal\u0131m\u0131z\u00a0<\/a>||<a href=\"https:\/\/twitter.com\/arap_ajans\">X Platformumuz\u00a0<\/a>||<a href=\"https:\/\/www.facebook.com\/SANAHaberAjansi\/\">Facebook Sayfam\u0131z<\/a><\/strong><\/p>\n","protected":false},"excerpt":{"rendered":"<p>\u0130\u015eGAL ED\u0130LEN KUD\u00dcS 07 Ocak 2024 (SANA) \u2013 \u0130srail i\u015fgal \u0130HA&#8217;\u0131n\u0131n Bat\u0131 \u015eeria&#8217;n\u0131n Cenin \u015fehrinin g\u00fcneyinde Filistinlilerin topland\u0131\u011f\u0131 toplant\u0131y\u0131 bombalamas\u0131 sonucu 6 Filistinli \u015fehit d\u00fc\u015ft\u00fc, di\u011ferleri de yaraland\u0131. WAFA Haber Ajans\u0131,\u00a0 &#8221;Filistin Sa\u011fl\u0131k Bakanl\u0131\u011f\u0131&#8217;n\u0131n, &#8220;\u0130srail i\u015fgal insans\u0131z hava arac\u0131n\u0131n \u015fehrin g\u00fcneyindeki \u015eehitler Kav\u015fa\u011f\u0131 yak\u0131n\u0131nda bir grup Filistinliyi bombalayarak alt\u0131 Filistinliyi \u015fehit d\u00fc\u015ft\u00fc\u011f\u00fcn\u00fc, di\u011ferlerini yaralad\u0131\u011f\u0131n\u0131&#8221; kaydetti\u011fini &hellip;<\/p>\n","protected":false},"author":39,"featured_media":294755,"comment_status":"closed","ping_status":"closed","sticky":false,"template":"","format":"standard","meta":{"footnotes":""},"categories":[458,459,17988],"tags":[],"class_list":["post-294754","post","type-post","status-publish","format-standard","has-post-thumbnail","","category-dunya1","category-haberler-arap-uluslararasi-politika","category-son-haberler"],"_links":{"self":[{"href":"https:\/\/archive.sana.sy\/tr\/index.php?rest_route=\/wp\/v2\/posts\/294754","targetHints":{"allow":["GET"]}}],"collection":[{"href":"https:\/\/archive.sana.sy\/tr\/index.php?rest_route=\/wp\/v2\/posts"}],"about":[{"href":"https:\/\/archive.sana.sy\/tr\/index.php?rest_route=\/wp\/v2\/types\/post"}],"author":[{"embeddable":true,"href":"https:\/\/archive.sana.sy\/tr\/index.php?rest_route=\/wp\/v2\/users\/39"}],"replies":[{"embeddable":true,"href":"https:\/\/archive.sana.sy\/tr\/index.php?rest_route=%2Fwp%2Fv2%2Fcomments&post=294754"}],"version-history":[{"count":4,"href":"https:\/\/archive.sana.sy\/tr\/index.php?rest_route=\/wp\/v2\/posts\/294754\/revisions"}],"predecessor-version":[{"id":294782,"href":"https:\/\/archive.sana.sy\/tr\/index.php?rest_route=\/wp\/v2\/posts\/294754\/revisions\/294782"}],"wp:featuredmedia":[{"embeddable":true,"href":"https:\/\/archive.sana.sy\/tr\/index.php?rest_route=\/wp\/v2\/media\/294755"}],"wp:attachment":[{"href":"https:\/\/archive.sana.sy\/tr\/index.php?rest_route=%2Fwp%2Fv2%2Fmedia&parent=294754"}],"wp:term":[{"taxonomy":"category","embeddable":true,"href":"https:\/\/archive.sana.sy\/tr\/index.php?rest_route=%2Fwp%2Fv2%2Fcategories&post=294754"},{"taxonomy":"post_tag","embeddable":true,"href":"https:\/\/archive.sana.sy\/tr\/index.php?rest_route=%2Fwp%2Fv2%2Ftags&post=294754"}],"curies":[{"name":"wp","href":"https:\/\/api.w.org\/{rel}","templated":true}]}}