{"id":294761,"date":"2024-01-07T11:02:55","date_gmt":"2024-01-07T08:02:55","guid":{"rendered":"https:\/\/sana.sy\/tr\/?p=294761"},"modified":"2024-01-08T08:14:41","modified_gmt":"2024-01-08T05:14:41","slug":"derada-bir-polis-memuru-sehit-dustu-4-polis-de-yaralandi","status":"publish","type":"post","link":"https:\/\/archive.sana.sy\/tr\/?p=294761","title":{"rendered":"Dera&#8217;da Bir Polis Memuru \u015eehit D\u00fc\u015ft\u00fc, 4 Polis De Yaraland\u0131"},"content":{"rendered":"<p><strong>\u015eAM 07 Ocak 2024 (SANA) \u2013 <\/strong>Dera&#8217;da kimli\u011fi belirsiz silahl\u0131 ki\u015filerin a\u00e7t\u0131\u011f\u0131 silahl\u0131 sald\u0131r\u0131 sonucu bir polis memuru \u015fehit d\u00fc\u015ft\u00fc, 4 polis memuru da yaraland\u0131.<\/p>\n<p>\u0130\u00e7i\u015fleri Bakanl\u0131\u011f\u0131n\u0131n, bug\u00fcn bir n\u00fcshas\u0131 \u00a0SANA&#8217;ya ula\u015fan a\u00e7\u0131klamas\u0131nda, Dera karayolu \u00fczerinde kimli\u011fi belirsiz silahl\u0131 ki\u015filerce vurulmas\u0131 sonucu Dera&#8217;n\u0131n \u0130zraa b\u00f6lgesinde bir polis memurunun \u015fehit d\u00fc\u015ft\u00fc, 4 askerin de yaraland\u0131\u011f\u0131 belirtildi.<\/p>\n<p>Bakanl\u0131k a\u00e7\u0131klamas\u0131nda da, \u015fehidin naa\u015f\u0131n\u0131n nakledildi\u011fini, yaral\u0131lar\u0131n ise Dera&#8217;daki Ulusal Hastaneye kald\u0131r\u0131larak tedavi alt\u0131na al\u0131nd\u0131\u011f\u0131n\u0131 a\u00e7\u0131klad\u0131.<\/p>\n<p style=\"text-align: center;\"><strong><a href=\"https:\/\/t.me\/SuriyeArapHaberAjansI\">Telegram Kanal\u0131m\u0131z\u00a0<\/a>||<a href=\"https:\/\/twitter.com\/arap_ajans\">X Platformumuz\u00a0<\/a>||<a href=\"https:\/\/www.facebook.com\/SANAHaberAjansi\/\">Facebook Sayfam\u0131z<\/a><\/strong><\/p>\n<p>&nbsp;<\/p>\n","protected":false},"excerpt":{"rendered":"<p>\u015eAM 07 Ocak 2024 (SANA) \u2013 Dera&#8217;da kimli\u011fi belirsiz silahl\u0131 ki\u015filerin a\u00e7t\u0131\u011f\u0131 silahl\u0131 sald\u0131r\u0131 sonucu bir polis memuru \u015fehit d\u00fc\u015ft\u00fc, 4 polis memuru da yaraland\u0131. \u0130\u00e7i\u015fleri Bakanl\u0131\u011f\u0131n\u0131n, bug\u00fcn bir n\u00fcshas\u0131 \u00a0SANA&#8217;ya ula\u015fan a\u00e7\u0131klamas\u0131nda, Dera karayolu \u00fczerinde kimli\u011fi belirsiz silahl\u0131 ki\u015filerce vurulmas\u0131 sonucu Dera&#8217;n\u0131n \u0130zraa b\u00f6lgesinde bir polis memurunun \u015fehit d\u00fc\u015ft\u00fc, 4 askerin de yaraland\u0131\u011f\u0131 belirtildi. &hellip;<\/p>\n","protected":false},"author":39,"featured_media":294762,"comment_status":"closed","ping_status":"closed","sticky":false,"template":"","format":"standard","meta":{"footnotes":""},"categories":[479,575,17988,478],"tags":[],"class_list":["post-294761","post","type-post","status-publish","format-standard","has-post-thumbnail","","category-haberler-yerel","category-olaylar-ve-gercekler","category-son-haberler","category-yerel"],"_links":{"self":[{"href":"https:\/\/archive.sana.sy\/tr\/index.php?rest_route=\/wp\/v2\/posts\/294761","targetHints":{"allow":["GET"]}}],"collection":[{"href":"https:\/\/archive.sana.sy\/tr\/index.php?rest_route=\/wp\/v2\/posts"}],"about":[{"href":"https:\/\/archive.sana.sy\/tr\/index.php?rest_route=\/wp\/v2\/types\/post"}],"author":[{"embeddable":true,"href":"https:\/\/archive.sana.sy\/tr\/index.php?rest_route=\/wp\/v2\/users\/39"}],"replies":[{"embeddable":true,"href":"https:\/\/archive.sana.sy\/tr\/index.php?rest_route=%2Fwp%2Fv2%2Fcomments&post=294761"}],"version-history":[{"count":1,"href":"https:\/\/archive.sana.sy\/tr\/index.php?rest_route=\/wp\/v2\/posts\/294761\/revisions"}],"predecessor-version":[{"id":294763,"href":"https:\/\/archive.sana.sy\/tr\/index.php?rest_route=\/wp\/v2\/posts\/294761\/revisions\/294763"}],"wp:featuredmedia":[{"embeddable":true,"href":"https:\/\/archive.sana.sy\/tr\/index.php?rest_route=\/wp\/v2\/media\/294762"}],"wp:attachment":[{"href":"https:\/\/archive.sana.sy\/tr\/index.php?rest_route=%2Fwp%2Fv2%2Fmedia&parent=294761"}],"wp:term":[{"taxonomy":"category","embeddable":true,"href":"https:\/\/archive.sana.sy\/tr\/index.php?rest_route=%2Fwp%2Fv2%2Fcategories&post=294761"},{"taxonomy":"post_tag","embeddable":true,"href":"https:\/\/archive.sana.sy\/tr\/index.php?rest_route=%2Fwp%2Fv2%2Ftags&post=294761"}],"curies":[{"name":"wp","href":"https:\/\/api.w.org\/{rel}","templated":true}]}}