{"id":294765,"date":"2024-01-07T14:52:57","date_gmt":"2024-01-07T11:52:57","guid":{"rendered":"https:\/\/sana.sy\/tr\/?p=294765"},"modified":"2024-01-08T08:14:51","modified_gmt":"2024-01-08T05:14:51","slug":"israilin-gazze-seridine-yonelik-devam-eden-saldirganligi-sonucu-onlarca-sehit-ve-yarali-3","status":"publish","type":"post","link":"https:\/\/archive.sana.sy\/tr\/?p=294765","title":{"rendered":"\u0130srail&#8217;in Gazze \u015eeridi&#8217;ne Y\u00f6nelik Devam Eden Sald\u0131rganl\u0131\u011f\u0131 Sonucu Onlarca \u015eehit Ve Yaral\u0131"},"content":{"rendered":"<p style=\"text-align: justify;\"><strong>\u0130\u015eGAL ED\u0130LEN KUD\u00dcS 07 OCAK (SANA) \u2013<\/strong> \u00a0\u0130\u015fgalci \u0130srail, gazze \u015eeridi&#8217;ne y\u00f6nelik vah\u015fi sald\u0131r\u0131lar\u0131n\u0131 93&#8217;\u00fcnc\u00fc g\u00fcn\u00fcnde de havadan, karadan ve denizden s\u00fcrd\u00fcr\u00fcyor, soyk\u0131r\u0131m su\u00e7u \u00e7er\u00e7evesinde Filistin halk\u0131na kar\u015f\u0131 kanl\u0131 katliamlar ve korkun\u00e7 su\u00e7lar i\u015fliyor.<\/p>\n<p style=\"text-align: justify;\">Filistin medyas\u0131, \u0130srail i\u015fgal u\u00e7aklar\u0131n\u0131n Gazze \u015eeridi&#8217;nin g\u00fcneyindeki Han Yunus kentinde bir evi bombalamas\u0131 sonucu bug\u00fcn \u015fafak vakti en az 12 Filistinlinin \u015fehit oldu\u011funu, 50 ki\u015finin de yaraland\u0131\u011f\u0131n\u0131 bildirdi.<\/p>\n<p style=\"text-align: justify;\">\u0130\u015fgal u\u00e7a\u011f\u0131n\u0131n Gazze \u015eeridi&#8217;nin merkezindeki Ma\u011fazi kamp\u0131nda yerinden edilmi\u015f ki\u015filerin ya\u015fad\u0131\u011f\u0131 bir UNRWA okulunu bombalamas\u0131 sonucu aralar\u0131nda bir kad\u0131n\u0131n da bulundu\u011fu d\u00f6rt Filistinli de \u015fehit oldu.<\/p>\n<p style=\"text-align: justify;\">\u0130srail u\u00e7aklar\u0131n\u0131n Gazze \u015eeridi&#8217;nin g\u00fcneyindeki Refah&#8217;ta yerinden edilmi\u015f insanlar\u0131n s\u0131\u011f\u0131nd\u0131\u011f\u0131 bir yerle\u015fim b\u00f6lgesini bombalamas\u0131 sonucu yedi ki\u015fi \u015fehit oldu, di\u011ferleri de yaraland\u0131.<\/p>\n<p style=\"text-align: justify;\">Filistin Sa\u011fl\u0131k Bakanl\u0131\u011f\u0131 d\u00fcn, \u0130srail&#8217;in Gazze \u015eeridi&#8217;ne y\u00f6nelik devam eden sald\u0131r\u0131s\u0131nda hayat\u0131n\u0131 kaybedenlerin say\u0131s\u0131n\u0131n 22 bin 722 \u015fehit ve 58 bin 166 yaral\u0131ya y\u00fckseldi\u011fini duyurmu\u015ftu.<\/p>\n<p style=\"text-align: center;\"><strong><a href=\"https:\/\/t.me\/SuriyeArapHaberAjansI\">Telegram Kanal\u0131m\u0131z\u00a0<\/a>||<a href=\"https:\/\/twitter.com\/arap_ajans\">X Platformumuz\u00a0<\/a>||<a href=\"https:\/\/www.facebook.com\/SANAHaberAjansi\/\">Facebook Sayfam\u0131z<\/a><\/strong><\/p>\n","protected":false},"excerpt":{"rendered":"<p>\u0130\u015eGAL ED\u0130LEN KUD\u00dcS 07 OCAK (SANA) \u2013 \u00a0\u0130\u015fgalci \u0130srail, gazze \u015eeridi&#8217;ne y\u00f6nelik vah\u015fi sald\u0131r\u0131lar\u0131n\u0131 93&#8217;\u00fcnc\u00fc g\u00fcn\u00fcnde de havadan, karadan ve denizden s\u00fcrd\u00fcr\u00fcyor, soyk\u0131r\u0131m su\u00e7u \u00e7er\u00e7evesinde Filistin halk\u0131na kar\u015f\u0131 kanl\u0131 katliamlar ve korkun\u00e7 su\u00e7lar i\u015fliyor. Filistin medyas\u0131, \u0130srail i\u015fgal u\u00e7aklar\u0131n\u0131n Gazze \u015eeridi&#8217;nin g\u00fcneyindeki Han Yunus kentinde bir evi bombalamas\u0131 sonucu bug\u00fcn \u015fafak vakti en az 12 &hellip;<\/p>\n","protected":false},"author":41,"featured_media":294766,"comment_status":"closed","ping_status":"closed","sticky":false,"template":"","format":"standard","meta":{"footnotes":""},"categories":[458,459,17988],"tags":[40579],"class_list":["post-294765","post","type-post","status-publish","format-standard","has-post-thumbnail","","category-dunya1","category-haberler-arap-uluslararasi-politika","category-son-haberler","tag-israilin-gazze-seridine-yonelik-devam-eden-saldirganligi-sonucu-onlarca-sehit-ve-yarali"],"_links":{"self":[{"href":"https:\/\/archive.sana.sy\/tr\/index.php?rest_route=\/wp\/v2\/posts\/294765","targetHints":{"allow":["GET"]}}],"collection":[{"href":"https:\/\/archive.sana.sy\/tr\/index.php?rest_route=\/wp\/v2\/posts"}],"about":[{"href":"https:\/\/archive.sana.sy\/tr\/index.php?rest_route=\/wp\/v2\/types\/post"}],"author":[{"embeddable":true,"href":"https:\/\/archive.sana.sy\/tr\/index.php?rest_route=\/wp\/v2\/users\/41"}],"replies":[{"embeddable":true,"href":"https:\/\/archive.sana.sy\/tr\/index.php?rest_route=%2Fwp%2Fv2%2Fcomments&post=294765"}],"version-history":[{"count":3,"href":"https:\/\/archive.sana.sy\/tr\/index.php?rest_route=\/wp\/v2\/posts\/294765\/revisions"}],"predecessor-version":[{"id":294790,"href":"https:\/\/archive.sana.sy\/tr\/index.php?rest_route=\/wp\/v2\/posts\/294765\/revisions\/294790"}],"wp:featuredmedia":[{"embeddable":true,"href":"https:\/\/archive.sana.sy\/tr\/index.php?rest_route=\/wp\/v2\/media\/294766"}],"wp:attachment":[{"href":"https:\/\/archive.sana.sy\/tr\/index.php?rest_route=%2Fwp%2Fv2%2Fmedia&parent=294765"}],"wp:term":[{"taxonomy":"category","embeddable":true,"href":"https:\/\/archive.sana.sy\/tr\/index.php?rest_route=%2Fwp%2Fv2%2Fcategories&post=294765"},{"taxonomy":"post_tag","embeddable":true,"href":"https:\/\/archive.sana.sy\/tr\/index.php?rest_route=%2Fwp%2Fv2%2Ftags&post=294765"}],"curies":[{"name":"wp","href":"https:\/\/api.w.org\/{rel}","templated":true}]}}