{"id":294769,"date":"2024-01-07T10:00:40","date_gmt":"2024-01-07T07:00:40","guid":{"rendered":"https:\/\/sana.sy\/tr\/?p=294769"},"modified":"2024-01-08T08:14:35","modified_gmt":"2024-01-08T05:14:35","slug":"iran-suleymani-suikasti-davasinda-96-amerikali-sanik","status":"publish","type":"post","link":"https:\/\/archive.sana.sy\/tr\/?p=294769","title":{"rendered":"\u0130ran: S\u00fcleymani Suikast\u0131 Davas\u0131nda 96 Amerikal\u0131 San\u0131k"},"content":{"rendered":"<p style=\"text-align: justify;\"><strong>TAHRAN 07 OCAK <\/strong><strong>(SANA)<\/strong> &#8211; \u0130ran&#8217;da Uluslararas\u0131 \u0130li\u015fkilerden Sorumlu Yarg\u0131 Ba\u015fkan Yard\u0131mc\u0131s\u0131 ve \u0130nsan Haklar\u0131 Komisyonu Sekreteri Kazem Garibabadi, Korgeneral Kas\u0131m S\u00fcleymani suikast\u0131 davas\u0131nda 96 Amerikal\u0131 san\u0131\u011f\u0131n bulundu\u011funu a\u00e7\u0131klad\u0131.<\/p>\n<p style=\"text-align: justify;\">Abadi, Tahran&#8217;da &#8220;\u0130nsan Haklar\u0131 Alan\u0131nda Adam&#8221; ba\u015fl\u0131kl\u0131 konferans \u00f6ncesinde \u015funlar\u0131 s\u00f6yledi: &#8220;Amerika&#8217;n\u0131n S\u00fcleymani ve arkada\u015flar\u0131na y\u00f6nelik suikast\u0131 su\u00e7 te\u015fkil eden bir eylemdi ve t\u00fcm uluslararas\u0131 kanunlar\u0131n ve Birle\u015fmi\u015f Milletler T\u00fcz\u00fc\u011f\u00fc&#8217;n\u00fcn ihlaliydi.&#8221;<\/p>\n<p style=\"text-align: justify;\">Abadi ayr\u0131ca, \u2018\u2019\u0130ran ve Amerika, 1973 y\u0131l\u0131nda imzalanan anla\u015fmaya \u00fcye; bu anla\u015fmaya g\u00f6re, \u00fclkelerin t\u00fcm yetkilileri, \u00e7al\u0131\u015fanlar\u0131 ve diplomatlar\u0131, g\u00f6revlerini yapt\u0131klar\u0131 ba\u015fka bir \u00fclkede sald\u0131r\u0131ya u\u011frarsa veya \u00f6ld\u00fcr\u00fcl\u00fcrse, bu durum su\u00e7 say\u0131l\u0131yor. Amerikal\u0131lar bu anla\u015fmay\u0131, hatta Irak&#8217;\u0131n egemenli\u011fini bile ihlal ettiler\u2019\u2019 ifadelerini kulland\u0131.<\/p>\n<p style=\"text-align: justify;\">S\u00fcleymani suikast\u0131yla su\u00e7lanan 96 Amerikal\u0131n\u0131n dosyas\u0131 oldu\u011funa dikkat \u00e7eken Abadi, \u2018\u2019Konu yaln\u0131zca Amerikal\u0131larla s\u0131n\u0131rl\u0131 de\u011fil, 5-6 \u00fclkeden ba\u015fka ki\u015filer de var ve \u0130ran yarg\u0131s\u0131 ilk olarak Amerikal\u0131 san\u0131klar\u0131n davas\u0131 \u00fczerinde karar verme karar\u0131 ald\u0131\u2019\u2019 dedi.<\/p>\n<p style=\"text-align: center;\"><strong><a href=\"https:\/\/t.me\/SuriyeArapHaberAjansI\">Telegram Kanal\u0131m\u0131z\u00a0<\/a>||<a href=\"https:\/\/twitter.com\/arap_ajans\">X Platformumuz\u00a0<\/a>||<a href=\"https:\/\/www.facebook.com\/SANAHaberAjansi\/\">Facebook Sayfam\u0131z<\/a><\/strong><\/p>\n<p style=\"text-align: justify;\">\n","protected":false},"excerpt":{"rendered":"<p>TAHRAN 07 OCAK (SANA) &#8211; \u0130ran&#8217;da Uluslararas\u0131 \u0130li\u015fkilerden Sorumlu Yarg\u0131 Ba\u015fkan Yard\u0131mc\u0131s\u0131 ve \u0130nsan Haklar\u0131 Komisyonu Sekreteri Kazem Garibabadi, Korgeneral Kas\u0131m S\u00fcleymani suikast\u0131 davas\u0131nda 96 Amerikal\u0131 san\u0131\u011f\u0131n bulundu\u011funu a\u00e7\u0131klad\u0131. Abadi, Tahran&#8217;da &#8220;\u0130nsan Haklar\u0131 Alan\u0131nda Adam&#8221; ba\u015fl\u0131kl\u0131 konferans \u00f6ncesinde \u015funlar\u0131 s\u00f6yledi: &#8220;Amerika&#8217;n\u0131n S\u00fcleymani ve arkada\u015flar\u0131na y\u00f6nelik suikast\u0131 su\u00e7 te\u015fkil eden bir eylemdi ve t\u00fcm uluslararas\u0131 kanunlar\u0131n &hellip;<\/p>\n","protected":false},"author":41,"featured_media":294770,"comment_status":"closed","ping_status":"closed","sticky":false,"template":"","format":"standard","meta":{"footnotes":""},"categories":[458,459,17988],"tags":[40719],"class_list":["post-294769","post","type-post","status-publish","format-standard","has-post-thumbnail","","category-dunya1","category-haberler-arap-uluslararasi-politika","category-son-haberler","tag-iran-suleymani-suikasti-davasinda-96-amerikali-sanik"],"_links":{"self":[{"href":"https:\/\/archive.sana.sy\/tr\/index.php?rest_route=\/wp\/v2\/posts\/294769","targetHints":{"allow":["GET"]}}],"collection":[{"href":"https:\/\/archive.sana.sy\/tr\/index.php?rest_route=\/wp\/v2\/posts"}],"about":[{"href":"https:\/\/archive.sana.sy\/tr\/index.php?rest_route=\/wp\/v2\/types\/post"}],"author":[{"embeddable":true,"href":"https:\/\/archive.sana.sy\/tr\/index.php?rest_route=\/wp\/v2\/users\/41"}],"replies":[{"embeddable":true,"href":"https:\/\/archive.sana.sy\/tr\/index.php?rest_route=%2Fwp%2Fv2%2Fcomments&post=294769"}],"version-history":[{"count":1,"href":"https:\/\/archive.sana.sy\/tr\/index.php?rest_route=\/wp\/v2\/posts\/294769\/revisions"}],"predecessor-version":[{"id":294771,"href":"https:\/\/archive.sana.sy\/tr\/index.php?rest_route=\/wp\/v2\/posts\/294769\/revisions\/294771"}],"wp:featuredmedia":[{"embeddable":true,"href":"https:\/\/archive.sana.sy\/tr\/index.php?rest_route=\/wp\/v2\/media\/294770"}],"wp:attachment":[{"href":"https:\/\/archive.sana.sy\/tr\/index.php?rest_route=%2Fwp%2Fv2%2Fmedia&parent=294769"}],"wp:term":[{"taxonomy":"category","embeddable":true,"href":"https:\/\/archive.sana.sy\/tr\/index.php?rest_route=%2Fwp%2Fv2%2Fcategories&post=294769"},{"taxonomy":"post_tag","embeddable":true,"href":"https:\/\/archive.sana.sy\/tr\/index.php?rest_route=%2Fwp%2Fv2%2Ftags&post=294769"}],"curies":[{"name":"wp","href":"https:\/\/api.w.org\/{rel}","templated":true}]}}