{"id":294772,"date":"2024-01-07T15:13:25","date_gmt":"2024-01-07T12:13:25","guid":{"rendered":"https:\/\/sana.sy\/tr\/?p=294772"},"modified":"2024-01-09T11:25:05","modified_gmt":"2024-01-09T08:25:05","slug":"iletisim-bakani-hindistan-buyukelcisi-ile-bilgi-teknolojisini-gelistirmek-icin-isbirligini-gelistirmenin-yollarini-gorustu","status":"publish","type":"post","link":"https:\/\/archive.sana.sy\/tr\/?p=294772","title":{"rendered":"\u0130leti\u015fim Bakan\u0131, Hindistan B\u00fcy\u00fckel\u00e7isi \u0130le Bilgi Teknolojisini Geli\u015ftirmek \u0130\u00e7in \u0130\u015fbirli\u011fini Geli\u015ftirmenin Yollar\u0131n\u0131 G\u00f6r\u00fc\u015ft\u00fc"},"content":{"rendered":"<p style=\"text-align: justify;\"><strong>\u015eAM 07 OCAK (SANA)<\/strong> &#8211; \u0130leti\u015fim ve Teknoloji Bakan\u0131 Iyad El Hatib, Hindistan&#8217;\u0131n Suriye B\u00fcy\u00fckel\u00e7isi Irshad Ahmed ile iki \u00fclke aras\u0131nda ileti\u015fim ve bilgi teknolojisi alan\u0131nda i\u015f birli\u011fini geli\u015ftirmenin yollar\u0131n\u0131 g\u00f6r\u00fc\u015ft\u00fc.<\/p>\n<p style=\"text-align: justify;\">Bug\u00fcn bakanl\u0131k binas\u0131nda ger\u00e7ekle\u015ftirilen toplant\u0131da Bakan El Hatib, Ulusal Bilgi Teknolojileri Hizmetleri Kurumu b\u00fcnyesinde Suriye-Hindistan M\u00fckemmeliyet Merkezi&#8217;nin geli\u015ftirilmesi i\u00e7in i\u015fbirli\u011finin \u00f6nemini belirterek, Dijital d\u00f6n\u00fc\u015f\u00fcm, siber g\u00fcvenlik ve bulut bili\u015fim sekt\u00f6rlerinde nitelikli ve uzmanla\u015fm\u0131\u015f kurslar sa\u011flamada modern elektronik e\u011fitim platformlar\u0131n\u0131n rol\u00fcne dikkat \u00e7ekti.<\/p>\n<p style=\"text-align: justify;\">Bakan El Hatib, Suriye-Hindistan M\u00fckemmeliyet Merkezi&#8217;nde d\u00fczenlenen belirli kurslar\u0131n ve bunlar\u0131n ileti\u015fim, a\u011f olu\u015fturma ve \u0130nternet bilimlerindeki \u00e7e\u015fitlili\u011finin, kamu ve \u00f6zel sekt\u00f6rdeki kadrolar\u0131 e\u011fitmeyi ve vas\u0131fland\u0131rmay\u0131 ama\u00e7lad\u0131\u011f\u0131n\u0131 kaydetti.<\/p>\n<p style=\"text-align: justify;\">Hindistan b\u00fcy\u00fckel\u00e7isi ise \u00fclkesinin Suriye ile ileti\u015fim ve bilgi teknolojisi alan\u0131nda i\u015fbirli\u011fini geli\u015ftirme ve g\u00fc\u00e7lendirme arzusunu yinelerken, Hindistan ile Suriye aras\u0131ndaki tarihi ili\u015fkilerin derinli\u011fine vurgusunu yapt\u0131.<\/p>\n<p style=\"text-align: justify;\">Ulusal Bilgi Teknolojileri Hizmetleri Kurumu Genel M\u00fcd\u00fcr\u00fc Waseem Al-Junaidi, Suriye M\u00fckemmeliyet Merkezi&#8217;nin dijital d\u00f6n\u00fc\u015f\u00fcm\u00fcn \u00e7e\u015fitli alanlar\u0131nda ulusal kadrolar\u0131 yeti\u015ftirmedeki ba\u015far\u0131s\u0131n\u0131n iki dost \u00fclke aras\u0131ndaki i\u015fbirli\u011finin sonucu oldu\u011funu vurgulayarak, merkezin kurslar\u0131n\u0131n d\u00fczenlenmesinde Hindistan taraf\u0131ndaki e\u011fitmenlerin uzmanl\u0131\u011f\u0131ndan faydalanman\u0131n \u00f6nemini anlatt\u0131.<\/p>\n<p style=\"text-align: center;\"><strong><a href=\"https:\/\/t.me\/SuriyeArapHaberAjansI\">Telegram Kanal\u0131m\u0131z\u00a0<\/a>||<a href=\"https:\/\/twitter.com\/arap_ajans\">X Platformumuz\u00a0<\/a>||<a href=\"https:\/\/www.facebook.com\/SANAHaberAjansi\/\">Facebook Sayfam\u0131z<\/a><\/strong><\/p>\n","protected":false},"excerpt":{"rendered":"<p>\u015eAM 07 OCAK (SANA) &#8211; \u0130leti\u015fim ve Teknoloji Bakan\u0131 Iyad El Hatib, Hindistan&#8217;\u0131n Suriye B\u00fcy\u00fckel\u00e7isi Irshad Ahmed ile iki \u00fclke aras\u0131nda ileti\u015fim ve bilgi teknolojisi alan\u0131nda i\u015f birli\u011fini geli\u015ftirmenin yollar\u0131n\u0131 g\u00f6r\u00fc\u015ft\u00fc. Bug\u00fcn bakanl\u0131k binas\u0131nda ger\u00e7ekle\u015ftirilen toplant\u0131da Bakan El Hatib, Ulusal Bilgi Teknolojileri Hizmetleri Kurumu b\u00fcnyesinde Suriye-Hindistan M\u00fckemmeliyet Merkezi&#8217;nin geli\u015ftirilmesi i\u00e7in i\u015fbirli\u011finin \u00f6nemini belirterek, Dijital d\u00f6n\u00fc\u015f\u00fcm, &hellip;<\/p>\n","protected":false},"author":41,"featured_media":294774,"comment_status":"closed","ping_status":"closed","sticky":false,"template":"","format":"standard","meta":{"footnotes":""},"categories":[479,17988,478],"tags":[],"class_list":["post-294772","post","type-post","status-publish","format-standard","has-post-thumbnail","","category-haberler-yerel","category-son-haberler","category-yerel"],"_links":{"self":[{"href":"https:\/\/archive.sana.sy\/tr\/index.php?rest_route=\/wp\/v2\/posts\/294772","targetHints":{"allow":["GET"]}}],"collection":[{"href":"https:\/\/archive.sana.sy\/tr\/index.php?rest_route=\/wp\/v2\/posts"}],"about":[{"href":"https:\/\/archive.sana.sy\/tr\/index.php?rest_route=\/wp\/v2\/types\/post"}],"author":[{"embeddable":true,"href":"https:\/\/archive.sana.sy\/tr\/index.php?rest_route=\/wp\/v2\/users\/41"}],"replies":[{"embeddable":true,"href":"https:\/\/archive.sana.sy\/tr\/index.php?rest_route=%2Fwp%2Fv2%2Fcomments&post=294772"}],"version-history":[{"count":1,"href":"https:\/\/archive.sana.sy\/tr\/index.php?rest_route=\/wp\/v2\/posts\/294772\/revisions"}],"predecessor-version":[{"id":294773,"href":"https:\/\/archive.sana.sy\/tr\/index.php?rest_route=\/wp\/v2\/posts\/294772\/revisions\/294773"}],"wp:featuredmedia":[{"embeddable":true,"href":"https:\/\/archive.sana.sy\/tr\/index.php?rest_route=\/wp\/v2\/media\/294774"}],"wp:attachment":[{"href":"https:\/\/archive.sana.sy\/tr\/index.php?rest_route=%2Fwp%2Fv2%2Fmedia&parent=294772"}],"wp:term":[{"taxonomy":"category","embeddable":true,"href":"https:\/\/archive.sana.sy\/tr\/index.php?rest_route=%2Fwp%2Fv2%2Fcategories&post=294772"},{"taxonomy":"post_tag","embeddable":true,"href":"https:\/\/archive.sana.sy\/tr\/index.php?rest_route=%2Fwp%2Fv2%2Ftags&post=294772"}],"curies":[{"name":"wp","href":"https:\/\/api.w.org\/{rel}","templated":true}]}}