{"id":294792,"date":"2024-01-08T09:32:11","date_gmt":"2024-01-08T06:32:11","guid":{"rendered":"https:\/\/sana.sy\/tr\/?p=294792"},"modified":"2024-01-09T11:25:20","modified_gmt":"2024-01-09T08:25:20","slug":"aksa-tufani-operasyonu-bugunun-en-one-cikan-gelismeleri-8","status":"publish","type":"post","link":"https:\/\/archive.sana.sy\/tr\/?p=294792","title":{"rendered":"Aksa Tufan\u0131 Operasyonu\u2026 Bug\u00fcn\u00fcn En \u00d6ne \u00c7\u0131kan Geli\u015fmeleri"},"content":{"rendered":"<p style=\"text-align: justify;\"><strong>\u0130\u015eGAL ED\u0130LEN KUD\u00dcS 08 OCAK 2024 (SANA) \u2013<\/strong>\u00a0Filistin direni\u015finin i\u015fgalci \u0130srail\u2019in sald\u0131rganl\u0131\u011f\u0131na yan\u0131t olarak 7 Ekim\u2019de ba\u015flatt\u0131\u011f\u0131 Aksa Tufan\u0131 Operasyonu\u2019nda \u00f6ne \u00e7\u0131kan geli\u015fmeler:<\/p>\n<ul>\n<li style=\"text-align: justify;\">&#8211; Filistin medyas\u0131: \u0130srail i\u015fgalinin Gazze \u015eeridi&#8217;nin merkezindeki Deyir El Balah&#8217;ta bir evi bombalamas\u0131 sonucu 4 \u015fehit ve \u00e7ok say\u0131da yaral\u0131.<\/li>\n<li style=\"text-align: justify;\">Filistin direni\u015fi, anti-z\u0131rh mermisiyle Siyonist bir d\u00fc\u015fman arac\u0131n\u0131 hedef al\u0131yor ve Gazze \u015eeridi&#8217;nin merkezindeki Bureij m\u00fclteci kamp\u0131n\u0131n do\u011fusunda &#8220;Ghoul&#8221; t\u00fcfe\u011fiyle askerlerinden birini keskin ni\u015fanc\u0131larla hedef ald\u0131.<\/li>\n<li style=\"text-align: justify;\">Filistin Sa\u011fl\u0131k Bakanl\u0131\u011f\u0131: K\u0131tl\u0131k, kurakl\u0131k ve salg\u0131n hastal\u0131klar Gazze \u015eeridi&#8217;ndeki bar\u0131naklarda yerlerinden edilmi\u015f 1,9 milyon insan\u0131 ku\u015fatan bir \u00f6l\u00fcm \u00fc\u00e7geni olu\u015fturuyor ve Birle\u015fmi\u015f Milletler ve kurumlar\u0131n\u0131n bu felaketi \u00f6nlemek i\u00e7in acilen m\u00fcdahale etmesi gerekiyor.<\/li>\n<li style=\"text-align: justify;\">Filistin Sa\u011fl\u0131k Bakanl\u0131\u011f\u0131: \u0130srail&#8217;in Gazze \u015eeridi&#8217;ne y\u00f6nelik devam eden sald\u0131r\u0131s\u0131n\u0131n kurbanlar\u0131n\u0131n say\u0131s\u0131 94&#8217;\u00fcnc\u00fc g\u00fcnde 23 bin 84 \u015fehit ve 58 bin 926 yaral\u0131ya y\u00fckseldi.<\/li>\n<li style=\"text-align: justify;\">Filistin Sa\u011fl\u0131k Bakanl\u0131\u011f\u0131: \u0130srail i\u015fgali son 24 saat i\u00e7inde Gazze \u015eeridi&#8217;nde 17 katliam ger\u00e7ekle\u015ftirerek 249 \u015fehit ve 510 yaral\u0131 b\u0131rakt\u0131.<\/li>\n<li style=\"text-align: justify;\">Filistin Direni\u015fi: Sava\u015f\u00e7\u0131lar\u0131m\u0131z, Gazze \u015eeridi&#8217;nin g\u00fcneyindeki Han Yunus&#8217;un kuzey, do\u011fu ve orta cephelerinde Siyonist d\u00fc\u015fmanla makineli t\u00fcfekler ve f\u00fczelerle \u015fiddetli \u00e7at\u0131\u015fmalara giriyor.<\/li>\n<li style=\"text-align: justify;\">Filistin Sa\u011fl\u0131k Bakanl\u0131\u011f\u0131: Gazze \u015eeridi&#8217;nin g\u00fcneyindeki hastaneler, yaral\u0131lar\u0131 b\u00f6l\u00fcmlere ve yo\u011fun bak\u0131mlara yerle\u015ftirme kapasitelerini kaybetmi\u015f durumda ve y\u00fczlerce yaral\u0131, koridorlarda ve avlularda yerde uyuyor.<\/li>\n<li style=\"text-align: justify;\">Filistin medyas\u0131: \u0130srail i\u015fgalinin Gazze \u015eeridi&#8217;nin g\u00fcneyindeki Han Yunus&#8217;taki b\u00f6lgeleri bombalamas\u0131 sonucu \u015fehit say\u0131s\u0131 8&#8217;i \u00e7ocuk 30 \u015fehidin say\u0131s\u0131na y\u00fckseldi.<\/li>\n<li style=\"text-align: justify;\">Filistin medyas\u0131: \u0130srail i\u015fgal u\u00e7aklar\u0131n\u0131n Gazze \u015eeridi&#8217;nin merkezindeki Nuseyrat kamp\u0131ndaki bir evi bombalamas\u0131 sonucu \u015fehitler ve yaral\u0131lar.<\/li>\n<li style=\"text-align: justify;\">Gazze \u015eeridi&#8217;ne y\u00f6nelik devam eden i\u015fgal sald\u0131r\u0131s\u0131 sonucu \u015fehit ve yaral\u0131lar.<\/li>\n<li style=\"text-align: justify;\">Filistin medyas\u0131: \u0130srail&#8217;in, Gazze \u015eeridi&#8217;nin g\u00fcneyindeki Han Yunus&#8217;un El Manara mahallesindeki evlere top\u00e7u ate\u015fi a\u00e7mas\u0131 sonucu 8 \u015fehit ve \u00e7ok say\u0131da yaral\u0131.<\/li>\n<li style=\"text-align: justify;\">Filistin medyas\u0131: \u0130srail i\u015fgalinin Gazze \u015eeridi&#8217;nin g\u00fcneyindeki Han Yunus&#8217;taki evlere top\u00e7u ate\u015fi a\u00e7mas\u0131 sonucu \u015fehitler ve yaral\u0131lar.<\/li>\n<li style=\"text-align: justify;\">Filistin medyas\u0131: \u0130srail i\u015fgal u\u00e7aklar\u0131n\u0131n \u00e7ok say\u0131da evi bombalamas\u0131 sonucu Gazze \u015eeridi&#8217;nin merkezindeki Deyir El Balah\u00a0 ve \u00e7evresinde \u015fehit say\u0131s\u0131 18&#8217;e y\u00fckseldi.<\/li>\n<li style=\"text-align: justify;\">Filistin medyas\u0131: \u0130srail i\u015fgal u\u00e7aklar\u0131n\u0131n Gazze \u015eeridi&#8217;nin merkezindeki Deyir El Balah&#8217;\u0131n bat\u0131s\u0131ndaki bir evi bombalamas\u0131 sonucu 4 \u015fehit ve \u00e7ok say\u0131da yaral\u0131.<\/li>\n<\/ul>\n<p style=\"text-align: center;\"><strong><a href=\"https:\/\/t.me\/SuriyeArapHaberAjansI\">Telegram Kanal\u0131m\u0131z\u00a0<\/a>||<a href=\"https:\/\/twitter.com\/arap_ajans\">X Platformumuz\u00a0<\/a>||<a href=\"https:\/\/www.facebook.com\/SANAHaberAjansi\/\">Facebook Sayfam\u0131z<\/a><\/strong><\/p>\n<p>&nbsp;<\/p>\n","protected":false},"excerpt":{"rendered":"<p>\u0130\u015eGAL ED\u0130LEN KUD\u00dcS 08 OCAK 2024 (SANA) \u2013\u00a0Filistin direni\u015finin i\u015fgalci \u0130srail\u2019in sald\u0131rganl\u0131\u011f\u0131na yan\u0131t olarak 7 Ekim\u2019de ba\u015flatt\u0131\u011f\u0131 Aksa Tufan\u0131 Operasyonu\u2019nda \u00f6ne \u00e7\u0131kan geli\u015fmeler: &#8211; Filistin medyas\u0131: \u0130srail i\u015fgalinin Gazze \u015eeridi&#8217;nin merkezindeki Deyir El Balah&#8217;ta bir evi bombalamas\u0131 sonucu 4 \u015fehit ve \u00e7ok say\u0131da yaral\u0131. Filistin direni\u015fi, anti-z\u0131rh mermisiyle Siyonist bir d\u00fc\u015fman arac\u0131n\u0131 hedef al\u0131yor ve &hellip;<\/p>\n","protected":false},"author":39,"featured_media":294793,"comment_status":"closed","ping_status":"closed","sticky":false,"template":"","format":"standard","meta":{"footnotes":""},"categories":[458,459,17988],"tags":[],"class_list":["post-294792","post","type-post","status-publish","format-standard","has-post-thumbnail","","category-dunya1","category-haberler-arap-uluslararasi-politika","category-son-haberler"],"_links":{"self":[{"href":"https:\/\/archive.sana.sy\/tr\/index.php?rest_route=\/wp\/v2\/posts\/294792","targetHints":{"allow":["GET"]}}],"collection":[{"href":"https:\/\/archive.sana.sy\/tr\/index.php?rest_route=\/wp\/v2\/posts"}],"about":[{"href":"https:\/\/archive.sana.sy\/tr\/index.php?rest_route=\/wp\/v2\/types\/post"}],"author":[{"embeddable":true,"href":"https:\/\/archive.sana.sy\/tr\/index.php?rest_route=\/wp\/v2\/users\/39"}],"replies":[{"embeddable":true,"href":"https:\/\/archive.sana.sy\/tr\/index.php?rest_route=%2Fwp%2Fv2%2Fcomments&post=294792"}],"version-history":[{"count":6,"href":"https:\/\/archive.sana.sy\/tr\/index.php?rest_route=\/wp\/v2\/posts\/294792\/revisions"}],"predecessor-version":[{"id":294836,"href":"https:\/\/archive.sana.sy\/tr\/index.php?rest_route=\/wp\/v2\/posts\/294792\/revisions\/294836"}],"wp:featuredmedia":[{"embeddable":true,"href":"https:\/\/archive.sana.sy\/tr\/index.php?rest_route=\/wp\/v2\/media\/294793"}],"wp:attachment":[{"href":"https:\/\/archive.sana.sy\/tr\/index.php?rest_route=%2Fwp%2Fv2%2Fmedia&parent=294792"}],"wp:term":[{"taxonomy":"category","embeddable":true,"href":"https:\/\/archive.sana.sy\/tr\/index.php?rest_route=%2Fwp%2Fv2%2Fcategories&post=294792"},{"taxonomy":"post_tag","embeddable":true,"href":"https:\/\/archive.sana.sy\/tr\/index.php?rest_route=%2Fwp%2Fv2%2Ftags&post=294792"}],"curies":[{"name":"wp","href":"https:\/\/api.w.org\/{rel}","templated":true}]}}