{"id":294795,"date":"2024-01-08T09:37:25","date_gmt":"2024-01-08T06:37:25","guid":{"rendered":"https:\/\/sana.sy\/tr\/?p=294795"},"modified":"2024-01-09T11:25:24","modified_gmt":"2024-01-09T08:25:24","slug":"filistin-sagligi-mescid-i-aksa-sehitleri-hastanesinin-hizmet-disi-birakilmasi-binlerce-yaraliya-idam-cezasidir","status":"publish","type":"post","link":"https:\/\/archive.sana.sy\/tr\/?p=294795","title":{"rendered":"Filistin Sa\u011fl\u0131\u011f\u0131: Mescid-i Aksa \u015eehitleri Hastanesi&#8217;nin Hizmet d\u0131\u015f\u0131 B\u0131rak\u0131lmas\u0131 Binlerce Yaral\u0131ya \u0130dam Cezas\u0131d\u0131r"},"content":{"rendered":"<p style=\"text-align: justify;\"><strong>\u0130\u015eGAL ED\u0130LEN KUD\u00dcS 08 OCAK (SANA)<\/strong> &#8211; Filistin Sa\u011fl\u0131k Bakanl\u0131\u011f\u0131, i\u015fgalci \u0130srail&#8217;in s\u00fcrekli hedef almas\u0131 sonucu Mescid-i Aksa \u015eehitleri Hastanesi&#8217;nin hizmet d\u0131\u015f\u0131 kalmas\u0131n\u0131n, Gazze \u015eeridi&#8217;nin merkezindeki binlerce yaral\u0131 ve hasta i\u00e7in \u00f6l\u00fcm cezas\u0131 oldu\u011fu uyar\u0131s\u0131nda bulundu.<\/p>\n<p style=\"text-align: justify;\">Sa\u011fl\u0131k Bakanl\u0131\u011f\u0131 bug\u00fcn yapt\u0131\u011f\u0131 a\u00e7\u0131klamada, i\u015fgalcilerin Mescid-i Aksa \u015eehitleri Hastanesi&#8217;ni kas\u0131tl\u0131 olarak defalarca y\u00fcr\u00fcy\u00fc\u015flerle bombalayarak yeni bir y\u00f6ntemle hizmet d\u0131\u015f\u0131 b\u0131rakmay\u0131 ama\u00e7lad\u0131\u011f\u0131n\u0131 vurgulad\u0131.<\/p>\n<p style=\"text-align: justify;\">Bakanl\u0131k, i\u015fgalin hastanedeki b\u00f6l\u00fcmleri, avlular\u0131 ve i\u00e7inde hareket eden herkesi yo\u011fun \u015fekilde bombalayarak hastalar\u0131 ve sa\u011fl\u0131k personelini ter\u00f6rize etti\u011fini a\u00e7\u0131klayarak, yaral\u0131 ve hastalar\u0131n d\u00fc\u015fman y\u00fcr\u00fcy\u00fc\u015flerinin ate\u015fi alt\u0131nda hastaneden ka\u00e7maya \u00e7al\u0131\u015ft\u0131\u011f\u0131na dikkati \u00e7ekti.<\/p>\n<p style=\"text-align: justify;\">Sa\u011fl\u0131k Bakanl\u0131\u011f\u0131 daha \u00f6nce Gazze \u015eeridi&#8217;nde sa\u011fl\u0131k sistemine y\u00f6nelik sald\u0131r\u0131da 326 sa\u011fl\u0131k personelinin \u015fehit olmas\u0131na, 150 sa\u011fl\u0131k kurulu\u015funun hedef al\u0131nmas\u0131na, 30 hastane ile 53 sa\u011fl\u0131k oca\u011f\u0131n\u0131n hizmet d\u0131\u015f\u0131 b\u0131rak\u0131lmas\u0131na yol a\u00e7t\u0131\u011f\u0131n\u0131 a\u00e7\u0131klarken, i\u015fgalin hala trajik g\u00f6zalt\u0131 ko\u015fullar\u0131nda d\u00fczinelerce sa\u011fl\u0131k personelini tutuklad\u0131\u011f\u0131n\u0131 belirtmi\u015fti.<\/p>\n<p style=\"text-align: center;\"><strong><a href=\"https:\/\/t.me\/SuriyeArapHaberAjansI\">Telegram Kanal\u0131m\u0131z\u00a0<\/a>||<a href=\"https:\/\/twitter.com\/arap_ajans\">X Platformumuz\u00a0<\/a>||<a href=\"https:\/\/www.facebook.com\/SANAHaberAjansi\/\">Facebook Sayfam\u0131z<\/a><\/strong><\/p>\n<p>&nbsp;<\/p>\n","protected":false},"excerpt":{"rendered":"<p>\u0130\u015eGAL ED\u0130LEN KUD\u00dcS 08 OCAK (SANA) &#8211; Filistin Sa\u011fl\u0131k Bakanl\u0131\u011f\u0131, i\u015fgalci \u0130srail&#8217;in s\u00fcrekli hedef almas\u0131 sonucu Mescid-i Aksa \u015eehitleri Hastanesi&#8217;nin hizmet d\u0131\u015f\u0131 kalmas\u0131n\u0131n, Gazze \u015eeridi&#8217;nin merkezindeki binlerce yaral\u0131 ve hasta i\u00e7in \u00f6l\u00fcm cezas\u0131 oldu\u011fu uyar\u0131s\u0131nda bulundu. Sa\u011fl\u0131k Bakanl\u0131\u011f\u0131 bug\u00fcn yapt\u0131\u011f\u0131 a\u00e7\u0131klamada, i\u015fgalcilerin Mescid-i Aksa \u015eehitleri Hastanesi&#8217;ni kas\u0131tl\u0131 olarak defalarca y\u00fcr\u00fcy\u00fc\u015flerle bombalayarak yeni bir y\u00f6ntemle hizmet &hellip;<\/p>\n","protected":false},"author":39,"featured_media":294796,"comment_status":"closed","ping_status":"closed","sticky":false,"template":"","format":"standard","meta":{"footnotes":""},"categories":[458,459,17988],"tags":[],"class_list":["post-294795","post","type-post","status-publish","format-standard","has-post-thumbnail","","category-dunya1","category-haberler-arap-uluslararasi-politika","category-son-haberler"],"_links":{"self":[{"href":"https:\/\/archive.sana.sy\/tr\/index.php?rest_route=\/wp\/v2\/posts\/294795","targetHints":{"allow":["GET"]}}],"collection":[{"href":"https:\/\/archive.sana.sy\/tr\/index.php?rest_route=\/wp\/v2\/posts"}],"about":[{"href":"https:\/\/archive.sana.sy\/tr\/index.php?rest_route=\/wp\/v2\/types\/post"}],"author":[{"embeddable":true,"href":"https:\/\/archive.sana.sy\/tr\/index.php?rest_route=\/wp\/v2\/users\/39"}],"replies":[{"embeddable":true,"href":"https:\/\/archive.sana.sy\/tr\/index.php?rest_route=%2Fwp%2Fv2%2Fcomments&post=294795"}],"version-history":[{"count":1,"href":"https:\/\/archive.sana.sy\/tr\/index.php?rest_route=\/wp\/v2\/posts\/294795\/revisions"}],"predecessor-version":[{"id":294797,"href":"https:\/\/archive.sana.sy\/tr\/index.php?rest_route=\/wp\/v2\/posts\/294795\/revisions\/294797"}],"wp:featuredmedia":[{"embeddable":true,"href":"https:\/\/archive.sana.sy\/tr\/index.php?rest_route=\/wp\/v2\/media\/294796"}],"wp:attachment":[{"href":"https:\/\/archive.sana.sy\/tr\/index.php?rest_route=%2Fwp%2Fv2%2Fmedia&parent=294795"}],"wp:term":[{"taxonomy":"category","embeddable":true,"href":"https:\/\/archive.sana.sy\/tr\/index.php?rest_route=%2Fwp%2Fv2%2Fcategories&post=294795"},{"taxonomy":"post_tag","embeddable":true,"href":"https:\/\/archive.sana.sy\/tr\/index.php?rest_route=%2Fwp%2Fv2%2Ftags&post=294795"}],"curies":[{"name":"wp","href":"https:\/\/api.w.org\/{rel}","templated":true}]}}