{"id":294806,"date":"2024-01-08T12:40:36","date_gmt":"2024-01-08T09:40:36","guid":{"rendered":"https:\/\/sana.sy\/tr\/?p=294806"},"modified":"2024-01-09T11:26:05","modified_gmt":"2024-01-09T08:26:05","slug":"dusman-israil-guney-lubnandaki-koy-ve-kasabalara-saldirilarini-surduruyor","status":"publish","type":"post","link":"https:\/\/archive.sana.sy\/tr\/?p=294806","title":{"rendered":"D\u00fc\u015fman \u0130srail G\u00fcney L\u00fcbnan&#8217;daki K\u00f6y Ve Kasabalara Sald\u0131r\u0131lar\u0131n\u0131 S\u00fcrd\u00fcr\u00fcyor"},"content":{"rendered":"<p style=\"text-align: justify;\"><strong>BEYRUT 08 OCAK 2024 (SANA)<\/strong> \u2013 D\u00fc\u015fman \u0130srail g\u00fcney L\u00fcbnan&#8217;daki k\u00f6y ve kasabalara y\u00f6nelik sald\u0131r\u0131lar\u0131n\u0131 devam etti.<\/p>\n<p style=\"text-align: justify;\">L\u00fcbnan Ulusal Haber Ajans\u0131, d\u00fc\u015fman sava\u015f u\u00e7aklar\u0131n\u0131n bu sabah Mervahin ve Balat kasabalar\u0131 aras\u0131nda b\u00f6lgelerine ve Aita El \u015eaab ve Hillet Verda kasabalar\u0131n\u0131n eteklerine hava sald\u0131r\u0131s\u0131 d\u00fczenledi\u011fini bildirdi.<\/p>\n<p style=\"text-align: justify;\">Ajans ayr\u0131ca, d\u00fc\u015fman g\u00fc\u00e7lerinin bug\u00fcn El Hiyam b\u00f6lgesindeki Bab saniya ve Adissa ve Kafr Kila kasabalar\u0131 aras\u0131ndaki Tallet El Avaidah&#8217;\u0131 fosfor bombalar\u0131yla bombalad\u0131\u011f\u0131n\u0131 da s\u00f6zlerine ekledi.<\/p>\n<p style=\"text-align: justify;\">D\u00fc\u015fman \u0130srail, gece saatlerinde Mayis El Cebel kasabas\u0131n\u0131n kuzeydo\u011fusundaki Karkazan b\u00f6lgesini de fosfor toplar\u0131yla hedef ald\u0131 ve top\u00e7ular\u0131 Hula kasabas\u0131n\u0131n d\u0131\u015f mahallelerini da bombalam\u0131\u015ft\u0131.<\/p>\n<p style=\"text-align: center;\"><strong><a href=\"https:\/\/t.me\/SuriyeArapHaberAjansI\">Telegram Kanal\u0131m\u0131z\u00a0<\/a>||<a href=\"https:\/\/twitter.com\/arap_ajans\">X Platformumuz\u00a0<\/a>||<a href=\"https:\/\/www.facebook.com\/SANAHaberAjansi\/\">Facebook Sayfam\u0131z<\/a><\/strong><\/p>\n","protected":false},"excerpt":{"rendered":"<p>BEYRUT 08 OCAK 2024 (SANA) \u2013 D\u00fc\u015fman \u0130srail g\u00fcney L\u00fcbnan&#8217;daki k\u00f6y ve kasabalara y\u00f6nelik sald\u0131r\u0131lar\u0131n\u0131 devam etti. L\u00fcbnan Ulusal Haber Ajans\u0131, d\u00fc\u015fman sava\u015f u\u00e7aklar\u0131n\u0131n bu sabah Mervahin ve Balat kasabalar\u0131 aras\u0131nda b\u00f6lgelerine ve Aita El \u015eaab ve Hillet Verda kasabalar\u0131n\u0131n eteklerine hava sald\u0131r\u0131s\u0131 d\u00fczenledi\u011fini bildirdi. Ajans ayr\u0131ca, d\u00fc\u015fman g\u00fc\u00e7lerinin bug\u00fcn El Hiyam b\u00f6lgesindeki Bab saniya &hellip;<\/p>\n","protected":false},"author":39,"featured_media":294807,"comment_status":"closed","ping_status":"closed","sticky":false,"template":"","format":"standard","meta":{"footnotes":""},"categories":[458,459,17988],"tags":[],"class_list":["post-294806","post","type-post","status-publish","format-standard","has-post-thumbnail","","category-dunya1","category-haberler-arap-uluslararasi-politika","category-son-haberler"],"_links":{"self":[{"href":"https:\/\/archive.sana.sy\/tr\/index.php?rest_route=\/wp\/v2\/posts\/294806","targetHints":{"allow":["GET"]}}],"collection":[{"href":"https:\/\/archive.sana.sy\/tr\/index.php?rest_route=\/wp\/v2\/posts"}],"about":[{"href":"https:\/\/archive.sana.sy\/tr\/index.php?rest_route=\/wp\/v2\/types\/post"}],"author":[{"embeddable":true,"href":"https:\/\/archive.sana.sy\/tr\/index.php?rest_route=\/wp\/v2\/users\/39"}],"replies":[{"embeddable":true,"href":"https:\/\/archive.sana.sy\/tr\/index.php?rest_route=%2Fwp%2Fv2%2Fcomments&post=294806"}],"version-history":[{"count":2,"href":"https:\/\/archive.sana.sy\/tr\/index.php?rest_route=\/wp\/v2\/posts\/294806\/revisions"}],"predecessor-version":[{"id":294821,"href":"https:\/\/archive.sana.sy\/tr\/index.php?rest_route=\/wp\/v2\/posts\/294806\/revisions\/294821"}],"wp:featuredmedia":[{"embeddable":true,"href":"https:\/\/archive.sana.sy\/tr\/index.php?rest_route=\/wp\/v2\/media\/294807"}],"wp:attachment":[{"href":"https:\/\/archive.sana.sy\/tr\/index.php?rest_route=%2Fwp%2Fv2%2Fmedia&parent=294806"}],"wp:term":[{"taxonomy":"category","embeddable":true,"href":"https:\/\/archive.sana.sy\/tr\/index.php?rest_route=%2Fwp%2Fv2%2Fcategories&post=294806"},{"taxonomy":"post_tag","embeddable":true,"href":"https:\/\/archive.sana.sy\/tr\/index.php?rest_route=%2Fwp%2Fv2%2Ftags&post=294806"}],"curies":[{"name":"wp","href":"https:\/\/api.w.org\/{rel}","templated":true}]}}