{"id":294853,"date":"2024-01-09T13:15:41","date_gmt":"2024-01-09T10:15:41","guid":{"rendered":"https:\/\/sana.sy\/tr\/?p=294853"},"modified":"2024-01-10T08:07:36","modified_gmt":"2024-01-10T05:07:36","slug":"deyrezzorda-teror-orgutunun-biraktigi-patlayicinin-patlamasi-sonucu-2-cocuk-sehit-dustu-2-kisi-de-yaralandi","status":"publish","type":"post","link":"https:\/\/archive.sana.sy\/tr\/?p=294853","title":{"rendered":"Deyrezzor&#8217;da Ter\u00f6r \u00d6rg\u00fct\u00fcn\u00fcn B\u0131rakt\u0131\u011f\u0131 Patlay\u0131c\u0131n\u0131n Patlamas\u0131 Sonucu 2 \u00c7ocuk \u015eehit D\u00fc\u015ft\u00fc, 2 Ki\u015fi De Yaraland\u0131"},"content":{"rendered":"<p style=\"text-align: justify;\"><strong>DEYREZZOR 09 Ocak 2024 (SANA) \u2013 <\/strong>Deyrezzor&#8217;un Teb El Cura mahallesinde &#8220;I\u015e\u0130D&#8221; ter\u00f6ristlerinin b\u0131rakt\u0131\u011f\u0131 cihaz\u0131n patlamas\u0131 sonucu 2 \u00e7ocuk \u015fehit d\u00fc\u015ft\u00fc, ayn\u0131 aileden 2 ki\u015fi de yaraland\u0131.<\/p>\n<p style=\"text-align: justify;\">Esad Hastanesi M\u00fcd\u00fcr\u00fc Mamun Hiza, SANA muhabirine yapt\u0131\u011f\u0131 a\u00e7\u0131klamada, patlay\u0131c\u0131n\u0131n patlamas\u0131n\u0131n \u015farapnele maruz kalan iki \u00e7ocu\u011fun \u015fehit d\u00fc\u015fmesine, iki k\u0131z \u00e7ocu\u011funun da yaralanmas\u0131na yol a\u00e7t\u0131\u011f\u0131n\u0131 belirtti.<\/p>\n<p style=\"text-align: center;\"><strong><a href=\"https:\/\/t.me\/SuriyeArapHaberAjansI\">Telegram Kanal\u0131m\u0131z\u00a0<\/a>||<a href=\"https:\/\/twitter.com\/arap_ajans\">X Platformumuz\u00a0<\/a>||<a href=\"https:\/\/www.facebook.com\/SANAHaberAjansi\/\">Facebook Sayfam\u0131z<\/a><\/strong><\/p>\n","protected":false},"excerpt":{"rendered":"<p>DEYREZZOR 09 Ocak 2024 (SANA) \u2013 Deyrezzor&#8217;un Teb El Cura mahallesinde &#8220;I\u015e\u0130D&#8221; ter\u00f6ristlerinin b\u0131rakt\u0131\u011f\u0131 cihaz\u0131n patlamas\u0131 sonucu 2 \u00e7ocuk \u015fehit d\u00fc\u015ft\u00fc, ayn\u0131 aileden 2 ki\u015fi de yaraland\u0131. Esad Hastanesi M\u00fcd\u00fcr\u00fc Mamun Hiza, SANA muhabirine yapt\u0131\u011f\u0131 a\u00e7\u0131klamada, patlay\u0131c\u0131n\u0131n patlamas\u0131n\u0131n \u015farapnele maruz kalan iki \u00e7ocu\u011fun \u015fehit d\u00fc\u015fmesine, iki k\u0131z \u00e7ocu\u011funun da yaralanmas\u0131na yol a\u00e7t\u0131\u011f\u0131n\u0131 belirtti. Telegram Kanal\u0131m\u0131z\u00a0||X &hellip;<\/p>\n","protected":false},"author":39,"featured_media":294854,"comment_status":"closed","ping_status":"closed","sticky":false,"template":"","format":"standard","meta":{"footnotes":""},"categories":[479,575,17988,478],"tags":[],"class_list":["post-294853","post","type-post","status-publish","format-standard","has-post-thumbnail","","category-haberler-yerel","category-olaylar-ve-gercekler","category-son-haberler","category-yerel"],"_links":{"self":[{"href":"https:\/\/archive.sana.sy\/tr\/index.php?rest_route=\/wp\/v2\/posts\/294853","targetHints":{"allow":["GET"]}}],"collection":[{"href":"https:\/\/archive.sana.sy\/tr\/index.php?rest_route=\/wp\/v2\/posts"}],"about":[{"href":"https:\/\/archive.sana.sy\/tr\/index.php?rest_route=\/wp\/v2\/types\/post"}],"author":[{"embeddable":true,"href":"https:\/\/archive.sana.sy\/tr\/index.php?rest_route=\/wp\/v2\/users\/39"}],"replies":[{"embeddable":true,"href":"https:\/\/archive.sana.sy\/tr\/index.php?rest_route=%2Fwp%2Fv2%2Fcomments&post=294853"}],"version-history":[{"count":2,"href":"https:\/\/archive.sana.sy\/tr\/index.php?rest_route=\/wp\/v2\/posts\/294853\/revisions"}],"predecessor-version":[{"id":294869,"href":"https:\/\/archive.sana.sy\/tr\/index.php?rest_route=\/wp\/v2\/posts\/294853\/revisions\/294869"}],"wp:featuredmedia":[{"embeddable":true,"href":"https:\/\/archive.sana.sy\/tr\/index.php?rest_route=\/wp\/v2\/media\/294854"}],"wp:attachment":[{"href":"https:\/\/archive.sana.sy\/tr\/index.php?rest_route=%2Fwp%2Fv2%2Fmedia&parent=294853"}],"wp:term":[{"taxonomy":"category","embeddable":true,"href":"https:\/\/archive.sana.sy\/tr\/index.php?rest_route=%2Fwp%2Fv2%2Fcategories&post=294853"},{"taxonomy":"post_tag","embeddable":true,"href":"https:\/\/archive.sana.sy\/tr\/index.php?rest_route=%2Fwp%2Fv2%2Ftags&post=294853"}],"curies":[{"name":"wp","href":"https:\/\/api.w.org\/{rel}","templated":true}]}}