{"id":294860,"date":"2024-01-09T15:07:49","date_gmt":"2024-01-09T12:07:49","guid":{"rendered":"https:\/\/sana.sy\/tr\/?p=294860"},"modified":"2024-01-11T08:22:46","modified_gmt":"2024-01-11T05:22:46","slug":"sabbag-islam-ve-asya-ulkelerinin-parlamentolarinin-filistin-konulu-toplantilarina-katilmak-uzere-tahrana-geldi","status":"publish","type":"post","link":"https:\/\/archive.sana.sy\/tr\/?p=294860","title":{"rendered":"Sabba\u011f, \u0130slam Ve Asya \u00dclkelerinin Parlamentolar\u0131n\u0131n Filistin Konulu Toplant\u0131lar\u0131na Kat\u0131lmak \u00dczere Tahran&#8217;a Geldi"},"content":{"rendered":"<p style=\"text-align: justify;\"><strong>TAHRAN 09 OCAK (SANA)<\/strong> &#8211; Halk Meclisi Ba\u015fkan\u0131 Hammuda Sabba\u011f, \u0130ranl\u0131 mevkida\u015f\u0131 \u0130slami \u015eura Konseyi Ba\u015fkan\u0131 Muhammed Bak\u0131r Kalibaf&#8217;\u0131n davetine yan\u0131t olarak bug\u00fcn \u0130ran&#8217;\u0131n ba\u015fkenti Tahran&#8217;da resmi parlamento heyetinin ba\u015f\u0131na geldi.<\/p>\n<p style=\"text-align: justify;\">\u00a0Sabba\u011f, \u0130slam \u0130\u015fbirli\u011fi Te\u015fkilat\u0131 \u00dcye Devletleri Konseyleri Birli\u011fi&#8217;ndeki Filistin Komitesi&#8217;nin acil toplant\u0131s\u0131na ve Asya <img loading=\"lazy\" decoding=\"async\" class=\"size-full wp-image-294862 alignright\" src=\"http:\/\/sana.sy\/tr\/wp-content\/uploads\/2024\/01\/3-1-1-300x193-1.jpg\" alt=\"\" width=\"300\" height=\"193\" \/>Parlamenter Asamblesi&#8217;ndeki Filistin Komitesi&#8217;nin ilk toplant\u0131s\u0131na kat\u0131lacak.<\/p>\n<p style=\"text-align: justify;\">60 \u00fclkenin kat\u0131laca\u011f\u0131 toplant\u0131larda parlamenter i\u015fbirli\u011fi mekanizmalar\u0131, Filistin arenas\u0131ndaki durum, \u00f6zellikle Gazze&#8217;de ya\u015fananlar ve Siyonist varl\u0131\u011f\u0131n orada i\u015fledi\u011fi vah\u015fi su\u00e7lar masaya yat\u0131rlacak.<\/p>\n<p style=\"text-align: justify;\">Sabba\u011f, a\u00e7\u0131klamas\u0131nda Siyonist varl\u0131\u011f\u0131n Filistin halk\u0131na ve Gazze halk\u0131na kar\u015f\u0131 devam eden su\u00e7lar\u0131n\u0131n, uluslararas\u0131 \u015f\u00fcphe uyand\u0131ran sessizlik \u0131\u015f\u0131\u011f\u0131nda t\u00fcm uluslararas\u0131 ve insani yasalar\u0131n a\u00e7\u0131k bir ihlali oldu\u011funa dikkat \u00e7ekerken, Trajik ve rahats\u0131z edici bir ger\u00e7eklikle kar\u015f\u0131 kar\u015f\u0131ya kalan Filistin halk\u0131m\u0131za destek olmak amac\u0131yla Tahran&#8217;da yap\u0131lacak iki toplant\u0131n\u0131n \u00f6nemini vurgulad\u0131k.<\/p>\n<p style=\"text-align: justify;\">Sabba\u011f ayr\u0131ca, \u00f6zellikle Gazze \u015eeridi&#8217;nde kad\u0131nlara, \u00e7ocuklara ve hastalara kar\u015f\u0131 devam eden Siyonist su\u00e7lar\u0131n durdurulmas\u0131 i\u00e7in bu iki toplant\u0131dan \u00f6nemli kararlar\u0131n \u00e7\u0131kmas\u0131 gerekti\u011fini vurgulad\u0131.<\/p>\n<p style=\"text-align: justify;\">Halk Meclisi Ba\u015fkan\u0131 a\u00e7\u0131klamas\u0131nda da, parlamentolar\u0131n Filistin davas\u0131n\u0131 desteklemedeki rol\u00fcn\u00fcn \u00f6nemine dikkat \u00e7ekerek, iki taraf aras\u0131nda ikili ili\u015fkileri ve ortak \u00e7al\u0131\u015fmay\u0131 g\u00fc\u00e7lendirecek \u00fcst d\u00fczey isti\u015fare ve toplant\u0131lar\u0131n s\u00fcrd\u00fcr\u00fclmesinin gereklili\u011fine dikkat \u00e7ekti.<\/p>\n<p style=\"text-align: center;\"><strong><a href=\"https:\/\/t.me\/SuriyeArapHaberAjansI\">Telegram Kanal\u0131m\u0131z\u00a0<\/a>||<a href=\"https:\/\/twitter.com\/arap_ajans\">X Platformumuz\u00a0<\/a>||<a href=\"https:\/\/www.facebook.com\/SANAHaberAjansi\/\">Facebook Sayfam\u0131z<\/a><\/strong><\/p>\n<p style=\"text-align: justify;\">\n","protected":false},"excerpt":{"rendered":"<p>TAHRAN 09 OCAK (SANA) &#8211; Halk Meclisi Ba\u015fkan\u0131 Hammuda Sabba\u011f, \u0130ranl\u0131 mevkida\u015f\u0131 \u0130slami \u015eura Konseyi Ba\u015fkan\u0131 Muhammed Bak\u0131r Kalibaf&#8217;\u0131n davetine yan\u0131t olarak bug\u00fcn \u0130ran&#8217;\u0131n ba\u015fkenti Tahran&#8217;da resmi parlamento heyetinin ba\u015f\u0131na geldi. \u00a0Sabba\u011f, \u0130slam \u0130\u015fbirli\u011fi Te\u015fkilat\u0131 \u00dcye Devletleri Konseyleri Birli\u011fi&#8217;ndeki Filistin Komitesi&#8217;nin acil toplant\u0131s\u0131na ve Asya Parlamenter Asamblesi&#8217;ndeki Filistin Komitesi&#8217;nin ilk toplant\u0131s\u0131na kat\u0131lacak. 60 \u00fclkenin kat\u0131laca\u011f\u0131 &hellip;<\/p>\n","protected":false},"author":41,"featured_media":294861,"comment_status":"closed","ping_status":"closed","sticky":false,"template":"","format":"standard","meta":{"footnotes":""},"categories":[458,459,17988],"tags":[],"class_list":["post-294860","post","type-post","status-publish","format-standard","has-post-thumbnail","","category-dunya1","category-haberler-arap-uluslararasi-politika","category-son-haberler"],"_links":{"self":[{"href":"https:\/\/archive.sana.sy\/tr\/index.php?rest_route=\/wp\/v2\/posts\/294860","targetHints":{"allow":["GET"]}}],"collection":[{"href":"https:\/\/archive.sana.sy\/tr\/index.php?rest_route=\/wp\/v2\/posts"}],"about":[{"href":"https:\/\/archive.sana.sy\/tr\/index.php?rest_route=\/wp\/v2\/types\/post"}],"author":[{"embeddable":true,"href":"https:\/\/archive.sana.sy\/tr\/index.php?rest_route=\/wp\/v2\/users\/41"}],"replies":[{"embeddable":true,"href":"https:\/\/archive.sana.sy\/tr\/index.php?rest_route=%2Fwp%2Fv2%2Fcomments&post=294860"}],"version-history":[{"count":2,"href":"https:\/\/archive.sana.sy\/tr\/index.php?rest_route=\/wp\/v2\/posts\/294860\/revisions"}],"predecessor-version":[{"id":294864,"href":"https:\/\/archive.sana.sy\/tr\/index.php?rest_route=\/wp\/v2\/posts\/294860\/revisions\/294864"}],"wp:featuredmedia":[{"embeddable":true,"href":"https:\/\/archive.sana.sy\/tr\/index.php?rest_route=\/wp\/v2\/media\/294861"}],"wp:attachment":[{"href":"https:\/\/archive.sana.sy\/tr\/index.php?rest_route=%2Fwp%2Fv2%2Fmedia&parent=294860"}],"wp:term":[{"taxonomy":"category","embeddable":true,"href":"https:\/\/archive.sana.sy\/tr\/index.php?rest_route=%2Fwp%2Fv2%2Fcategories&post=294860"},{"taxonomy":"post_tag","embeddable":true,"href":"https:\/\/archive.sana.sy\/tr\/index.php?rest_route=%2Fwp%2Fv2%2Ftags&post=294860"}],"curies":[{"name":"wp","href":"https:\/\/api.w.org\/{rel}","templated":true}]}}