{"id":294890,"date":"2024-01-09T22:07:46","date_gmt":"2024-01-09T19:07:46","guid":{"rendered":"https:\/\/sana.sy\/tr\/?p=294890"},"modified":"2024-01-11T08:13:00","modified_gmt":"2024-01-11T05:13:00","slug":"tedmur-colunde-teror-saldirisinda-8-asker-ve-1-sivil-sehit-dustu-cok-sisi-de-yaralandi","status":"publish","type":"post","link":"https:\/\/archive.sana.sy\/tr\/?p=294890","title":{"rendered":"Tedm\u00fcr \u00c7\u00f6l\u00fcnde Ter\u00f6r Sald\u0131r\u0131s\u0131nda 8 Asker Ve 1 Sivil \u015eehit D\u00fc\u015ft\u00fc, \u00c7ok Ki\u015fi De Yaraland\u0131"},"content":{"rendered":"<p><strong>HOMS 09 OCAK (SANA)<\/strong> &#8211; Homs k\u0131rsal\u0131n\u0131n do\u011fusunda yer alan Tedm\u00fcr \u00e7\u00f6l\u00fcnde, ta\u015f\u0131makta olduklar\u0131 otob\u00fcs\u00fc hedef alan ter\u00f6r sald\u0131r\u0131s\u0131nda 8 asker ve bir sivil \u015fehit d\u00fc\u015ft\u00fc, \u00e7ok say\u0131da ki\u015fi de yaraland\u0131.<\/p>\n<p>Savunma Bakanl\u0131\u011f\u0131 yapt\u0131\u011f\u0131 a\u00e7\u0131klamada, &#8220;Suriye \u00e7\u00f6l\u00fcn&#8217;de Tedm\u00fcr&#8217;\u00fcn g\u00fcneyinde askeri konaklama otob\u00fcs\u00fcne bomba d\u00fczene\u011fi ile d\u00fczenlenen ter\u00f6r sald\u0131r\u0131s\u0131 sonucu 8 asker ve 1 sivil \u015fehit d\u00fc\u015ft\u00fc, 2&#8217;si sivil 13 ki\u015fi yaraland\u0131\u201d dedi.<\/p>\n<p style=\"text-align: center;\"><strong><a href=\"https:\/\/t.me\/SuriyeArapHaberAjansI\">Telegram Kanal\u0131m\u0131z\u00a0<\/a>||<a href=\"https:\/\/twitter.com\/arap_ajans\">X Platformumuz\u00a0<\/a>||<a href=\"https:\/\/www.facebook.com\/SANAHaberAjansi\/\">Facebook Sayfam\u0131z<\/a><\/strong><\/p>\n<p>&nbsp;<\/p>\n","protected":false},"excerpt":{"rendered":"<p>HOMS 09 OCAK (SANA) &#8211; Homs k\u0131rsal\u0131n\u0131n do\u011fusunda yer alan Tedm\u00fcr \u00e7\u00f6l\u00fcnde, ta\u015f\u0131makta olduklar\u0131 otob\u00fcs\u00fc hedef alan ter\u00f6r sald\u0131r\u0131s\u0131nda 8 asker ve bir sivil \u015fehit d\u00fc\u015ft\u00fc, \u00e7ok say\u0131da ki\u015fi de yaraland\u0131. Savunma Bakanl\u0131\u011f\u0131 yapt\u0131\u011f\u0131 a\u00e7\u0131klamada, &#8220;Suriye \u00e7\u00f6l\u00fcn&#8217;de Tedm\u00fcr&#8217;\u00fcn g\u00fcneyinde askeri konaklama otob\u00fcs\u00fcne bomba d\u00fczene\u011fi ile d\u00fczenlenen ter\u00f6r sald\u0131r\u0131s\u0131 sonucu 8 asker ve 1 sivil \u015fehit &hellip;<\/p>\n","protected":false},"author":36,"featured_media":294891,"comment_status":"closed","ping_status":"closed","sticky":false,"template":"","format":"standard","meta":{"footnotes":""},"categories":[479,575,17988,478],"tags":[],"class_list":["post-294890","post","type-post","status-publish","format-standard","has-post-thumbnail","","category-haberler-yerel","category-olaylar-ve-gercekler","category-son-haberler","category-yerel"],"_links":{"self":[{"href":"https:\/\/archive.sana.sy\/tr\/index.php?rest_route=\/wp\/v2\/posts\/294890","targetHints":{"allow":["GET"]}}],"collection":[{"href":"https:\/\/archive.sana.sy\/tr\/index.php?rest_route=\/wp\/v2\/posts"}],"about":[{"href":"https:\/\/archive.sana.sy\/tr\/index.php?rest_route=\/wp\/v2\/types\/post"}],"author":[{"embeddable":true,"href":"https:\/\/archive.sana.sy\/tr\/index.php?rest_route=\/wp\/v2\/users\/36"}],"replies":[{"embeddable":true,"href":"https:\/\/archive.sana.sy\/tr\/index.php?rest_route=%2Fwp%2Fv2%2Fcomments&post=294890"}],"version-history":[{"count":5,"href":"https:\/\/archive.sana.sy\/tr\/index.php?rest_route=\/wp\/v2\/posts\/294890\/revisions"}],"predecessor-version":[{"id":294981,"href":"https:\/\/archive.sana.sy\/tr\/index.php?rest_route=\/wp\/v2\/posts\/294890\/revisions\/294981"}],"wp:featuredmedia":[{"embeddable":true,"href":"https:\/\/archive.sana.sy\/tr\/index.php?rest_route=\/wp\/v2\/media\/294891"}],"wp:attachment":[{"href":"https:\/\/archive.sana.sy\/tr\/index.php?rest_route=%2Fwp%2Fv2%2Fmedia&parent=294890"}],"wp:term":[{"taxonomy":"category","embeddable":true,"href":"https:\/\/archive.sana.sy\/tr\/index.php?rest_route=%2Fwp%2Fv2%2Fcategories&post=294890"},{"taxonomy":"post_tag","embeddable":true,"href":"https:\/\/archive.sana.sy\/tr\/index.php?rest_route=%2Fwp%2Fv2%2Ftags&post=294890"}],"curies":[{"name":"wp","href":"https:\/\/api.w.org\/{rel}","templated":true}]}}