{"id":294974,"date":"2024-01-10T19:14:27","date_gmt":"2024-01-10T16:14:27","guid":{"rendered":"https:\/\/sana.sy\/tr\/?p=294974"},"modified":"2024-01-12T08:47:02","modified_gmt":"2024-01-12T05:47:02","slug":"filistin-komitesinin-ilk-toplantisina-katilanlar-gazzede-derhal-ateskes-saglanmasi-cagrisinda-bulundu","status":"publish","type":"post","link":"https:\/\/archive.sana.sy\/tr\/?p=294974","title":{"rendered":"Filistin Komitesi&#8217;nin \u0130lk Toplant\u0131s\u0131na Kat\u0131lanlar, Gazze&#8217;de Derhal Ate\u015fkes Sa\u011flanmas\u0131 \u00c7a\u011fr\u0131s\u0131nda Bulundu"},"content":{"rendered":"<p style=\"text-align: justify;\"><strong>TAHRAN 10 OCAK (SANA)<\/strong> &#8211; \u0130ran&#8217;\u0131n ba\u015fkenti Tahran&#8217;da bug\u00fcn Suriye&#8217;nin kat\u0131l\u0131m\u0131yla ger\u00e7ekle\u015ftirilen Asya Parlamenter Asamblesi Filistin Komitesi&#8217;nin ilk toplant\u0131s\u0131na kat\u0131lanlar, Gazze \u015eeridi&#8217;nde derhal ate\u015fkes sa\u011flanmas\u0131 ve insani yard\u0131m i\u00e7in yeni koridorlar\u0131n a\u00e7\u0131lmas\u0131 \u00e7a\u011fr\u0131s\u0131nda bulundu.<\/p>\n<p style=\"text-align: justify;\">Sonu\u00e7 Bildirisinde kat\u0131lanlar , Siyonist sald\u0131rganl\u0131\u011f\u0131 ve \u0130srail i\u015fgal grubunun Gazze ve Bat\u0131 \u015eeria&#8217;daki Filistin halk\u0131na kar\u015f\u0131 y\u00fcr\u00fctt\u00fc\u011f\u00fc soyk\u0131r\u0131m sava\u015f\u0131ndaki do\u011frudan Amerikan ortakl\u0131\u011f\u0131n\u0131 k\u0131nad\u0131lar.<\/p>\n<p style=\"text-align: justify;\">Bildiride i\u015fgalci \u0130srail&#8217;in \u00fcr\u00fcn ve mallar\u0131n\u0131n boykot edilmesi \u00e7a\u011fr\u0131s\u0131nda bulunuldu, Filistinli sivillerin korunmas\u0131na ili\u015fkin Cenevre S\u00f6zle\u015fmelerine uyulmas\u0131 gerekti\u011fi vurguland\u0131, bunlar\u0131n tam olarak uygulanmas\u0131 ve t\u00fcm tutuklu ve mahkumlar\u0131n serbest b\u0131rak\u0131lmas\u0131 \u00e7a\u011fr\u0131s\u0131nda bulunuldu.<\/p>\n<p style=\"text-align: justify;\">Bildiride ayr\u0131ca, \u00e7ocuklar\u0131n ve kad\u0131nlar\u0131n korunmas\u0131yla ilgilenen t\u00fcm b\u00f6lgesel ve uluslararas\u0131 \u00f6rg\u00fct ve kurumlara, Filistinli sivillere kar\u015f\u0131 i\u015fledikleri su\u00e7lardan dolay\u0131 &#8220;\u0130srail&#8221;i ve onun yetkililerini cezaland\u0131rma konusunda \u00fczerlerine d\u00fc\u015fen rol\u00fc oynamaya \u00e7a\u011fr\u0131ld\u0131.<\/p>\n<p style=\"text-align: justify;\">Sonu\u00e7 bildirisi, bu kurulu\u015fun ger\u00e7ekle\u015ftirdi\u011fi k\u00f6t\u00fc eylemler ve bunlar\u0131n k\u00fcresel bar\u0131\u015f ve g\u00fcvenlik a\u00e7\u0131s\u0131ndan tehlikeli sonu\u00e7lar\u0131 konusunda uyar\u0131da bulunarak, onu izole etme ve Siyonist Knesset&#8217;i Parlamentolararas\u0131 Birlik ve onun ba\u011fl\u0131 organlar\u0131ndan ihra\u00e7 etme ihtiyac\u0131n\u0131 vurgulad\u0131.<\/p>\n<p style=\"text-align: justify;\">A\u00e7\u0131klamada, ba\u015fkenti Kud\u00fcs olan bir Filistin devletinin kurulmas\u0131na g\u00fc\u00e7l\u00fc destek, Filistin Devleti&#8217;nin Birle\u015fmi\u015f Milletler&#8217;e tam \u00fcyeli\u011fine destek ve Filistin halk\u0131n\u0131n zorla yerinden edilmesine ili\u015fkin t\u00fcm plan ve projelerin reddedildi\u011fi vurguland\u0131.<\/p>\n<p style=\"text-align: justify;\">Bildiride kat\u0131lanlar, Siyonist sava\u015f makinesinin y\u0131kt\u0131\u011f\u0131 yerlerin yeniden in\u015fas\u0131 i\u00e7in Filistin halk\u0131na gerekli mali yard\u0131m\u0131n sa\u011flanmas\u0131 ve Filistin sa\u011fl\u0131k kurumlar\u0131na destek sa\u011flanmas\u0131 amac\u0131yla \u00f6zel bir fonun kurulmas\u0131n\u0131n desteklenmesi gerekti\u011fine dikkat \u00e7ektiler.<\/p>\n<p style=\"text-align: justify;\">Kat\u0131lanlar sonu\u00e7 bildirisinde de , Yahudile\u015ftirme s\u00fcre\u00e7lerine ve \u0130slam ve H\u0131ristiyan dini mekanlar\u0131na y\u00f6nelik bask\u0131nlara kar\u015f\u0131 \u00e7\u0131k\u0131lmas\u0131 ve &#8220;Siyonizm&#8217;in bir t\u00fcr \u0131rk\u00e7\u0131l\u0131k ve \u0131rk ayr\u0131mc\u0131l\u0131\u011f\u0131&#8221; olarak de\u011ferlendirilen 3379 say\u0131l\u0131 BM Karar\u0131n\u0131n hat\u0131rlat\u0131lmas\u0131 \u00e7a\u011fr\u0131s\u0131nda bulunarak, sava\u015f su\u00e7lar\u0131, soyk\u0131r\u0131m ve insanl\u0131\u011fa kar\u015f\u0131 su\u00e7larla ilgili olarak da Uluslararas\u0131 Ceza Mahkemesi ba\u015fta olmak \u00fczere uluslararas\u0131 insan haklar\u0131 ve hukuki kurum ve kurulu\u015flara harekete ge\u00e7me \u00e7a\u011fr\u0131s\u0131nda bulundu.<\/p>\n<p style=\"text-align: center;\"><strong><a href=\"https:\/\/t.me\/SuriyeArapHaberAjansI\">Telegram Kanal\u0131m\u0131z\u00a0<\/a>||<a href=\"https:\/\/twitter.com\/arap_ajans\">X Platformumuz\u00a0<\/a>||<a href=\"https:\/\/www.facebook.com\/SANAHaberAjansi\/\">Facebook Sayfam\u0131z<\/a><\/strong><\/p>\n<p style=\"text-align: justify;\">\n","protected":false},"excerpt":{"rendered":"<p>TAHRAN 10 OCAK (SANA) &#8211; \u0130ran&#8217;\u0131n ba\u015fkenti Tahran&#8217;da bug\u00fcn Suriye&#8217;nin kat\u0131l\u0131m\u0131yla ger\u00e7ekle\u015ftirilen Asya Parlamenter Asamblesi Filistin Komitesi&#8217;nin ilk toplant\u0131s\u0131na kat\u0131lanlar, Gazze \u015eeridi&#8217;nde derhal ate\u015fkes sa\u011flanmas\u0131 ve insani yard\u0131m i\u00e7in yeni koridorlar\u0131n a\u00e7\u0131lmas\u0131 \u00e7a\u011fr\u0131s\u0131nda bulundu. Sonu\u00e7 Bildirisinde kat\u0131lanlar , Siyonist sald\u0131rganl\u0131\u011f\u0131 ve \u0130srail i\u015fgal grubunun Gazze ve Bat\u0131 \u015eeria&#8217;daki Filistin halk\u0131na kar\u015f\u0131 y\u00fcr\u00fctt\u00fc\u011f\u00fc soyk\u0131r\u0131m sava\u015f\u0131ndaki do\u011frudan &hellip;<\/p>\n","protected":false},"author":41,"featured_media":294980,"comment_status":"closed","ping_status":"closed","sticky":false,"template":"","format":"standard","meta":{"footnotes":""},"categories":[458,459,17988],"tags":[],"class_list":["post-294974","post","type-post","status-publish","format-standard","has-post-thumbnail","","category-dunya1","category-haberler-arap-uluslararasi-politika","category-son-haberler"],"_links":{"self":[{"href":"https:\/\/archive.sana.sy\/tr\/index.php?rest_route=\/wp\/v2\/posts\/294974","targetHints":{"allow":["GET"]}}],"collection":[{"href":"https:\/\/archive.sana.sy\/tr\/index.php?rest_route=\/wp\/v2\/posts"}],"about":[{"href":"https:\/\/archive.sana.sy\/tr\/index.php?rest_route=\/wp\/v2\/types\/post"}],"author":[{"embeddable":true,"href":"https:\/\/archive.sana.sy\/tr\/index.php?rest_route=\/wp\/v2\/users\/41"}],"replies":[{"embeddable":true,"href":"https:\/\/archive.sana.sy\/tr\/index.php?rest_route=%2Fwp%2Fv2%2Fcomments&post=294974"}],"version-history":[{"count":4,"href":"https:\/\/archive.sana.sy\/tr\/index.php?rest_route=\/wp\/v2\/posts\/294974\/revisions"}],"predecessor-version":[{"id":294979,"href":"https:\/\/archive.sana.sy\/tr\/index.php?rest_route=\/wp\/v2\/posts\/294974\/revisions\/294979"}],"wp:featuredmedia":[{"embeddable":true,"href":"https:\/\/archive.sana.sy\/tr\/index.php?rest_route=\/wp\/v2\/media\/294980"}],"wp:attachment":[{"href":"https:\/\/archive.sana.sy\/tr\/index.php?rest_route=%2Fwp%2Fv2%2Fmedia&parent=294974"}],"wp:term":[{"taxonomy":"category","embeddable":true,"href":"https:\/\/archive.sana.sy\/tr\/index.php?rest_route=%2Fwp%2Fv2%2Fcategories&post=294974"},{"taxonomy":"post_tag","embeddable":true,"href":"https:\/\/archive.sana.sy\/tr\/index.php?rest_route=%2Fwp%2Fv2%2Ftags&post=294974"}],"curies":[{"name":"wp","href":"https:\/\/api.w.org\/{rel}","templated":true}]}}