{"id":294982,"date":"2024-01-11T08:21:52","date_gmt":"2024-01-11T05:21:52","guid":{"rendered":"https:\/\/sana.sy\/tr\/?p=294982"},"modified":"2024-01-13T10:23:35","modified_gmt":"2024-01-13T07:23:35","slug":"aksa-tufani-operasyonu-bugunun-en-one-cikan-gelismeleri-11","status":"publish","type":"post","link":"https:\/\/archive.sana.sy\/tr\/?p=294982","title":{"rendered":"Aksa Tufan\u0131 Operasyonu\u2026 Bug\u00fcn\u00fcn En \u00d6ne \u00c7\u0131kan Geli\u015fmeleri"},"content":{"rendered":"<p style=\"text-align: justify;\"><strong>\u0130\u015eGAL ED\u0130LEN KUD\u00dcS 11 OCAK 2024 (SANA) \u2013<\/strong>\u00a0Filistin direni\u015finin i\u015fgalci \u0130srail\u2019in sald\u0131rganl\u0131\u011f\u0131na yan\u0131t olarak 7 Ekim\u2019de ba\u015flatt\u0131\u011f\u0131 Aksa Tufan\u0131 Operasyonu\u2019nda \u00f6ne \u00e7\u0131kan geli\u015fmeler:<\/p>\n<ul>\n<li style=\"text-align: justify;\">BM yetkilisi: \u0130srail Gazze \u015eeridi&#8217;nin yap\u0131s\u0131n\u0131 de\u011fi\u015ftirmeye \u00e7al\u0131\u015f\u0131yor<\/li>\n<li style=\"text-align: justify;\">Filistin direni\u015fi, Gazze \u015eeridi&#8217;nin g\u00fcneyinde Han Yunus&#8217;un do\u011fusunda \u0130srail i\u015fgalinin iki otomatik tanksavar bombas\u0131yla yok edildi.<\/li>\n<li style=\"text-align: justify;\">Filistin direni\u015fi, Gazze \u015eeridi&#8217;nin g\u00fcneyinde Han Yunus&#8217;un do\u011fusundaki Bani Suhayla b\u00f6lgesi civar\u0131ndaki &#8220;El Yassin 105&#8221; toplar\u0131yla 3 \u0130srail i\u015fgal arac\u0131n\u0131 hedef ald\u0131.<\/li>\n<li style=\"text-align: justify;\">Uluslararas\u0131 Adalet bug\u00fcn, G\u00fcney Afrika&#8217;n\u0131n Gazze&#8217;de soyk\u0131r\u0131m yapt\u0131\u011f\u0131 gerek\u00e7esiyle \u0130srail&#8217;e a\u00e7t\u0131\u011f\u0131 davay\u0131 incelemeye ba\u015fl\u0131yor.<\/li>\n<li style=\"text-align: justify;\">Filistin Direni\u015fi \u0130\u00e7in: Sava\u015f\u00e7\u0131lar\u0131m\u0131z, Gazze \u015eeridi&#8217;nin g\u00fcneyinde Han Yunus&#8217;un do\u011fusundaki bir evin i\u00e7inde konu\u015flanm\u0131\u015f bir Siyonist kuvveti anti-personel cihaz\u0131yla hedef ald\u0131 ve onu \u00f6l\u00fc ve yaral\u0131 b\u0131rakt\u0131.<\/li>\n<li style=\"text-align: justify;\">Filistin direni\u015fi, Gazze \u015eeridi&#8217;nin g\u00fcneyindeki Han Yunus&#8217;un do\u011fusundaki \u0130srail i\u015fgaline ait bir buldozeri &#8220;\u015eawaz&#8221; bombalar\u0131yla hedef ald\u0131.<\/li>\n<li style=\"text-align: justify;\">Filistin direni\u015fi, g\u00fcney Gazze \u015eeridi&#8217;ndeki Han Yunus&#8217;un do\u011fusundaki \u0130srail d\u00fc\u015fman komuta odas\u0131n\u0131 havan toplar\u0131yla hedef ald\u0131.<\/li>\n<li style=\"text-align: justify;\">Filistin medyas\u0131: \u0130srail i\u015fgal u\u00e7aklar\u0131n\u0131n Gazze \u015eeridi&#8217;nin g\u00fcneyindeki Han Yunus kentinde bir evi bombalamas\u0131 sonucu 4 Filistinli \u015fehit d\u00fc\u015ft\u00fc.<\/li>\n<\/ul>\n<p style=\"text-align: center;\"><strong><a href=\"https:\/\/t.me\/SuriyeArapHaberAjansI\">Telegram Kanal\u0131m\u0131z\u00a0<\/a>||<a href=\"https:\/\/twitter.com\/arap_ajans\">X Platformumuz\u00a0<\/a>||<a href=\"https:\/\/www.facebook.com\/SANAHaberAjansi\/\">Facebook Sayfam\u0131z<\/a><\/strong><\/p>\n","protected":false},"excerpt":{"rendered":"<p>\u0130\u015eGAL ED\u0130LEN KUD\u00dcS 11 OCAK 2024 (SANA) \u2013\u00a0Filistin direni\u015finin i\u015fgalci \u0130srail\u2019in sald\u0131rganl\u0131\u011f\u0131na yan\u0131t olarak 7 Ekim\u2019de ba\u015flatt\u0131\u011f\u0131 Aksa Tufan\u0131 Operasyonu\u2019nda \u00f6ne \u00e7\u0131kan geli\u015fmeler: BM yetkilisi: \u0130srail Gazze \u015eeridi&#8217;nin yap\u0131s\u0131n\u0131 de\u011fi\u015ftirmeye \u00e7al\u0131\u015f\u0131yor Filistin direni\u015fi, Gazze \u015eeridi&#8217;nin g\u00fcneyinde Han Yunus&#8217;un do\u011fusunda \u0130srail i\u015fgalinin iki otomatik tanksavar bombas\u0131yla yok edildi. Filistin direni\u015fi, Gazze \u015eeridi&#8217;nin g\u00fcneyinde Han Yunus&#8217;un do\u011fusundaki &hellip;<\/p>\n","protected":false},"author":39,"featured_media":294983,"comment_status":"closed","ping_status":"closed","sticky":false,"template":"","format":"standard","meta":{"footnotes":""},"categories":[458,459,17988],"tags":[],"class_list":["post-294982","post","type-post","status-publish","format-standard","has-post-thumbnail","","category-dunya1","category-haberler-arap-uluslararasi-politika","category-son-haberler"],"_links":{"self":[{"href":"https:\/\/archive.sana.sy\/tr\/index.php?rest_route=\/wp\/v2\/posts\/294982","targetHints":{"allow":["GET"]}}],"collection":[{"href":"https:\/\/archive.sana.sy\/tr\/index.php?rest_route=\/wp\/v2\/posts"}],"about":[{"href":"https:\/\/archive.sana.sy\/tr\/index.php?rest_route=\/wp\/v2\/types\/post"}],"author":[{"embeddable":true,"href":"https:\/\/archive.sana.sy\/tr\/index.php?rest_route=\/wp\/v2\/users\/39"}],"replies":[{"embeddable":true,"href":"https:\/\/archive.sana.sy\/tr\/index.php?rest_route=%2Fwp%2Fv2%2Fcomments&post=294982"}],"version-history":[{"count":5,"href":"https:\/\/archive.sana.sy\/tr\/index.php?rest_route=\/wp\/v2\/posts\/294982\/revisions"}],"predecessor-version":[{"id":295018,"href":"https:\/\/archive.sana.sy\/tr\/index.php?rest_route=\/wp\/v2\/posts\/294982\/revisions\/295018"}],"wp:featuredmedia":[{"embeddable":true,"href":"https:\/\/archive.sana.sy\/tr\/index.php?rest_route=\/wp\/v2\/media\/294983"}],"wp:attachment":[{"href":"https:\/\/archive.sana.sy\/tr\/index.php?rest_route=%2Fwp%2Fv2%2Fmedia&parent=294982"}],"wp:term":[{"taxonomy":"category","embeddable":true,"href":"https:\/\/archive.sana.sy\/tr\/index.php?rest_route=%2Fwp%2Fv2%2Fcategories&post=294982"},{"taxonomy":"post_tag","embeddable":true,"href":"https:\/\/archive.sana.sy\/tr\/index.php?rest_route=%2Fwp%2Fv2%2Ftags&post=294982"}],"curies":[{"name":"wp","href":"https:\/\/api.w.org\/{rel}","templated":true}]}}