{"id":295043,"date":"2024-01-12T11:37:09","date_gmt":"2024-01-12T08:37:09","guid":{"rendered":"https:\/\/sana.sy\/tr\/?p=295043"},"modified":"2024-01-14T08:30:51","modified_gmt":"2024-01-14T05:30:51","slug":"yemene-yonelik-amerikan-ingiliz-saldirisi","status":"publish","type":"post","link":"https:\/\/archive.sana.sy\/tr\/?p=295043","title":{"rendered":"Yemen&#8217;e Y\u00f6nelik Amerikan-\u0130ngiliz Sald\u0131rganl\u0131\u011f\u0131"},"content":{"rendered":"<p style=\"text-align: justify;\"><strong>SANA 12 OCAK (SANA) \u2013 <\/strong>Yemen&#8217;in ba\u015fkenti Sana ve di\u011fer bir\u00e7ok valilik, bug\u00fcn \u015fafak vakti bir dizi hava sald\u0131r\u0131s\u0131yla Amerikan-\u0130ngiliz sald\u0131rganl\u0131\u011f\u0131na maruz kald\u0131.<\/p>\n<p style=\"text-align: justify;\">Yemen medyas\u0131na g\u00f6re, Amerikan-\u0130ngiliz sald\u0131rganl\u0131\u011f\u0131 ba\u015fkent Sana&#8217;n\u0131n yan\u0131 s\u0131ra Hodeidah, Saada ve Dhamar vilayetlerine sald\u0131r\u0131lar d\u00fczenledi ve u\u00e7aklar\u0131 Sana&#8217;n\u0131n kuzeyindeki El-Dailami hava \u00fcss\u00fcn\u00fc d\u00f6rt bask\u0131nla bombalad\u0131.<\/p>\n<p style=\"text-align: justify;\">Sald\u0131rganl\u0131k u\u00e7aklar\u0131 ayr\u0131ca Hudeyde Havaalan\u0131 civar\u0131na ve Zubeyid B\u00f6lgesi&#8217;ndeki b\u00f6lgelere, Saada \u015fehrinin do\u011fusundaki Kahlan Kamp\u0131&#8217;na, Taiz Havaalan\u0131&#8217;na, Taziye B\u00f6lgesi&#8217;ndeki 22. Tugay kamp\u0131na ve Hacca&#8217;daki Abs Havaalan\u0131&#8217;na da \u00e7ok say\u0131da bask\u0131n d\u00fczenledi.<\/p>\n<p style=\"text-align: center;\"><strong><a href=\"https:\/\/t.me\/SuriyeArapHaberAjansI\">Telegram Kanal\u0131m\u0131z\u00a0<\/a>||<a href=\"https:\/\/twitter.com\/arap_ajans\">X Platformumuz\u00a0<\/a>||<a href=\"https:\/\/www.facebook.com\/SANAHaberAjansi\/\">Facebook Sayfam\u0131z<\/a><\/strong><\/p>\n","protected":false},"excerpt":{"rendered":"<p>SANA 12 OCAK (SANA) \u2013 Yemen&#8217;in ba\u015fkenti Sana ve di\u011fer bir\u00e7ok valilik, bug\u00fcn \u015fafak vakti bir dizi hava sald\u0131r\u0131s\u0131yla Amerikan-\u0130ngiliz sald\u0131rganl\u0131\u011f\u0131na maruz kald\u0131. Yemen medyas\u0131na g\u00f6re, Amerikan-\u0130ngiliz sald\u0131rganl\u0131\u011f\u0131 ba\u015fkent Sana&#8217;n\u0131n yan\u0131 s\u0131ra Hodeidah, Saada ve Dhamar vilayetlerine sald\u0131r\u0131lar d\u00fczenledi ve u\u00e7aklar\u0131 Sana&#8217;n\u0131n kuzeyindeki El-Dailami hava \u00fcss\u00fcn\u00fc d\u00f6rt bask\u0131nla bombalad\u0131. Sald\u0131rganl\u0131k u\u00e7aklar\u0131 ayr\u0131ca Hudeyde Havaalan\u0131 civar\u0131na &hellip;<\/p>\n","protected":false},"author":36,"featured_media":295044,"comment_status":"closed","ping_status":"closed","sticky":false,"template":"","format":"standard","meta":{"footnotes":""},"categories":[458,459,17988],"tags":[],"class_list":["post-295043","post","type-post","status-publish","format-standard","has-post-thumbnail","","category-dunya1","category-haberler-arap-uluslararasi-politika","category-son-haberler"],"_links":{"self":[{"href":"https:\/\/archive.sana.sy\/tr\/index.php?rest_route=\/wp\/v2\/posts\/295043","targetHints":{"allow":["GET"]}}],"collection":[{"href":"https:\/\/archive.sana.sy\/tr\/index.php?rest_route=\/wp\/v2\/posts"}],"about":[{"href":"https:\/\/archive.sana.sy\/tr\/index.php?rest_route=\/wp\/v2\/types\/post"}],"author":[{"embeddable":true,"href":"https:\/\/archive.sana.sy\/tr\/index.php?rest_route=\/wp\/v2\/users\/36"}],"replies":[{"embeddable":true,"href":"https:\/\/archive.sana.sy\/tr\/index.php?rest_route=%2Fwp%2Fv2%2Fcomments&post=295043"}],"version-history":[{"count":7,"href":"https:\/\/archive.sana.sy\/tr\/index.php?rest_route=\/wp\/v2\/posts\/295043\/revisions"}],"predecessor-version":[{"id":295056,"href":"https:\/\/archive.sana.sy\/tr\/index.php?rest_route=\/wp\/v2\/posts\/295043\/revisions\/295056"}],"wp:featuredmedia":[{"embeddable":true,"href":"https:\/\/archive.sana.sy\/tr\/index.php?rest_route=\/wp\/v2\/media\/295044"}],"wp:attachment":[{"href":"https:\/\/archive.sana.sy\/tr\/index.php?rest_route=%2Fwp%2Fv2%2Fmedia&parent=295043"}],"wp:term":[{"taxonomy":"category","embeddable":true,"href":"https:\/\/archive.sana.sy\/tr\/index.php?rest_route=%2Fwp%2Fv2%2Fcategories&post=295043"},{"taxonomy":"post_tag","embeddable":true,"href":"https:\/\/archive.sana.sy\/tr\/index.php?rest_route=%2Fwp%2Fv2%2Ftags&post=295043"}],"curies":[{"name":"wp","href":"https:\/\/api.w.org\/{rel}","templated":true}]}}