{"id":295049,"date":"2024-01-12T09:54:02","date_gmt":"2024-01-12T06:54:02","guid":{"rendered":"https:\/\/sana.sy\/tr\/?p=295049"},"modified":"2024-01-14T08:30:40","modified_gmt":"2024-01-14T05:30:40","slug":"irak-direnisi-haseke-kirsalindaki-seddadi-ussundeki-amerikan-isgal-guclerini-hedef-aldi","status":"publish","type":"post","link":"https:\/\/archive.sana.sy\/tr\/?p=295049","title":{"rendered":"Irak Direni\u015fi Haseke K\u0131rsal\u0131ndaki \u015eeddadi \u00dcss\u00fcndeki Amerikan \u0130\u015fgal G\u00fc\u00e7lerini Hedef Ald\u0131"},"content":{"rendered":"<p style=\"text-align: justify;\"><strong>BA\u011eDAT 12 OCAK (SANA) \u2013 <\/strong>Irak direni\u015fi bu sabah Haseke&#8217;nin g\u00fcney k\u0131rsal\u0131ndaki \u015eeddadi \u00fcss\u00fcndeki Amerikan i\u015fgal g\u00fc\u00e7lerini f\u00fcze salvosuyla hedef ald\u0131.<\/p>\n<p style=\"text-align: justify;\">Direni\u015f yapt\u0131\u011f\u0131 a\u00e7\u0131klamada,\u00a0 \u201cIrak ve b\u00f6lgedeki Amerikan i\u015fgal g\u00fc\u00e7lerine direnme yakla\u015f\u0131m\u0131m\u0131z\u0131n devam\u0131 olarak ve Siyonist olu\u015fumun Gazze&#8217;de halk\u0131m\u0131za y\u00f6nelik katliamlar\u0131na yan\u0131t olarak Irak&#8217;taki direni\u015f sava\u015f\u00e7\u0131lar\u0131m\u0131z i\u015fgal alt\u0131ndaki El \u015eeddadi \u00fcss\u00fcne f\u00fcze salvosu ile sald\u0131rd\u0131&#8221; diyerek, i\u015fgal g\u00fc\u00e7lerinin mevzilerini ve kalelerini hedef almaya devam edece\u011fini blirtti.<\/p>\n<p style=\"text-align: center;\"><strong><a href=\"https:\/\/t.me\/SuriyeArapHaberAjansI\">Telegram Kanal\u0131m\u0131z\u00a0<\/a>||<a href=\"https:\/\/twitter.com\/arap_ajans\">X Platformumuz\u00a0<\/a>||<a href=\"https:\/\/www.facebook.com\/SANAHaberAjansi\/\">Facebook Sayfam\u0131z<\/a><\/strong><\/p>\n","protected":false},"excerpt":{"rendered":"<p>BA\u011eDAT 12 OCAK (SANA) \u2013 Irak direni\u015fi bu sabah Haseke&#8217;nin g\u00fcney k\u0131rsal\u0131ndaki \u015eeddadi \u00fcss\u00fcndeki Amerikan i\u015fgal g\u00fc\u00e7lerini f\u00fcze salvosuyla hedef ald\u0131. Direni\u015f yapt\u0131\u011f\u0131 a\u00e7\u0131klamada,\u00a0 \u201cIrak ve b\u00f6lgedeki Amerikan i\u015fgal g\u00fc\u00e7lerine direnme yakla\u015f\u0131m\u0131m\u0131z\u0131n devam\u0131 olarak ve Siyonist olu\u015fumun Gazze&#8217;de halk\u0131m\u0131za y\u00f6nelik katliamlar\u0131na yan\u0131t olarak Irak&#8217;taki direni\u015f sava\u015f\u00e7\u0131lar\u0131m\u0131z i\u015fgal alt\u0131ndaki El \u015eeddadi \u00fcss\u00fcne f\u00fcze salvosu ile sald\u0131rd\u0131&#8221; &hellip;<\/p>\n","protected":false},"author":36,"featured_media":295050,"comment_status":"closed","ping_status":"closed","sticky":false,"template":"","format":"standard","meta":{"footnotes":""},"categories":[458,459,17988],"tags":[],"class_list":["post-295049","post","type-post","status-publish","format-standard","has-post-thumbnail","","category-dunya1","category-haberler-arap-uluslararasi-politika","category-son-haberler"],"_links":{"self":[{"href":"https:\/\/archive.sana.sy\/tr\/index.php?rest_route=\/wp\/v2\/posts\/295049","targetHints":{"allow":["GET"]}}],"collection":[{"href":"https:\/\/archive.sana.sy\/tr\/index.php?rest_route=\/wp\/v2\/posts"}],"about":[{"href":"https:\/\/archive.sana.sy\/tr\/index.php?rest_route=\/wp\/v2\/types\/post"}],"author":[{"embeddable":true,"href":"https:\/\/archive.sana.sy\/tr\/index.php?rest_route=\/wp\/v2\/users\/36"}],"replies":[{"embeddable":true,"href":"https:\/\/archive.sana.sy\/tr\/index.php?rest_route=%2Fwp%2Fv2%2Fcomments&post=295049"}],"version-history":[{"count":2,"href":"https:\/\/archive.sana.sy\/tr\/index.php?rest_route=\/wp\/v2\/posts\/295049\/revisions"}],"predecessor-version":[{"id":295053,"href":"https:\/\/archive.sana.sy\/tr\/index.php?rest_route=\/wp\/v2\/posts\/295049\/revisions\/295053"}],"wp:featuredmedia":[{"embeddable":true,"href":"https:\/\/archive.sana.sy\/tr\/index.php?rest_route=\/wp\/v2\/media\/295050"}],"wp:attachment":[{"href":"https:\/\/archive.sana.sy\/tr\/index.php?rest_route=%2Fwp%2Fv2%2Fmedia&parent=295049"}],"wp:term":[{"taxonomy":"category","embeddable":true,"href":"https:\/\/archive.sana.sy\/tr\/index.php?rest_route=%2Fwp%2Fv2%2Fcategories&post=295049"},{"taxonomy":"post_tag","embeddable":true,"href":"https:\/\/archive.sana.sy\/tr\/index.php?rest_route=%2Fwp%2Fv2%2Ftags&post=295049"}],"curies":[{"name":"wp","href":"https:\/\/api.w.org\/{rel}","templated":true}]}}