{"id":295057,"date":"2024-01-12T14:25:33","date_gmt":"2024-01-12T11:25:33","guid":{"rendered":"https:\/\/sana.sy\/tr\/?p=295057"},"modified":"2024-01-13T12:18:23","modified_gmt":"2024-01-13T09:18:23","slug":"aksa-tufani-operasyonu-bugunun-en-one-cikan-gelismeleri-12","status":"publish","type":"post","link":"https:\/\/archive.sana.sy\/tr\/?p=295057","title":{"rendered":"Aksa Tufan\u0131 Operasyonu\u2026 Bug\u00fcn\u00fcn En \u00d6ne \u00c7\u0131kan Geli\u015fmeleri"},"content":{"rendered":"<p style=\"text-align: justify;\"><strong>\u0130\u015eGAL ED\u0130LEN KUD\u00dcS 12 OCAK 2024 (SANA) \u2013<\/strong>\u00a0Filistin direni\u015finin i\u015fgalci \u0130srail\u2019in sald\u0131rganl\u0131\u011f\u0131na yan\u0131t olarak 7 Ekim\u2019de ba\u015flatt\u0131\u011f\u0131 Aksa Tufan\u0131 Operasyonu\u2019nda \u00f6ne \u00e7\u0131kan geli\u015fmeler:<\/p>\n<ul>\n<li><a href=\"https:\/\/www.sana.sy\/tr\/?p=295084\">\u0130srail&#8217;in Gazze \u015eeridi&#8217;ne y\u00f6nelik sald\u0131rganl\u0131\u011f\u0131n\u0131n 98&#8217;inci g\u00fcn\u00fcnde 151 \u015fehit, 248 yaral\u0131.<\/a><\/li>\n<li style=\"text-align: justify;\">Filistin direni\u015fi, RPG mermisiyle \u0130srail i\u015fgaline ait buldozeri hedef al\u0131yor ve Gazze \u015eeridi&#8217;nin g\u00fcneyindeki Han Yunus \u015fehrinin merkezinde makineli t\u00fcfek kullanan d\u00fc\u015fman askerleriyle \u015fiddetli \u00e7at\u0131\u015fmalara giriyor.<\/li>\n<li style=\"text-align: justify;\">Filistin direni\u015fi: Bat\u0131 \u015eeria&#8217;n\u0131n Tulkarm il\u00e7esindeki Nur \u015eems kamp\u0131ndaki sava\u015f\u00e7\u0131lar\u0131m\u0131z, gece saatlerinden itibaren kamp\u0131 basan \u0130srail i\u015fgal g\u00fc\u00e7leri ve ara\u00e7lar\u0131yla kar\u015f\u0131 kar\u015f\u0131ya gelerek, \u015fiddetli \u00e7at\u0131\u015fmalara girdiler ve d\u00fc\u015fman saflar\u0131nda do\u011frudan kay\u0131plar verdiler.<\/li>\n<li style=\"text-align: justify;\">Filistin medyas\u0131: \u0130srail&#8217;in i\u015fgalcilerin Gazze&#8217;deki Al-Sabra mahallesini bombalamas\u0131 sonucu \u00e7ok say\u0131da \u015fehit ve yaral\u0131 var.<\/li>\n<li style=\"text-align: justify;\">Filistin medyas\u0131: Gazze \u015eeridi&#8217;nde Do\u011fu Nuseyrat ve Do\u011fu Han Yunus eksenlerinde Filistin direni\u015fiyle \u0130srail i\u015fgal g\u00fc\u00e7leri aras\u0131nda \u015fiddetli ve devam eden \u00e7at\u0131\u015fmalar.<\/li>\n<li style=\"text-align: justify;\">Filistin direni\u015fi, kuzeydo\u011fu Nuseyrat kamp\u0131nda \u0130srail i\u015fgalini otomatik RPG mermisiyle hedef alarak do\u011frudan isabet elde etti.<\/li>\n<li style=\"text-align: justify;\">Filistin medyas\u0131: \u0130srail i\u015fgal u\u00e7aklar\u0131n\u0131n Gazze \u015eeridi&#8217;nin merkezindeki Deir al-Balah \u015fehrinin bat\u0131s\u0131ndaki bir evi bombalamas\u0131 sonucu 5 \u015fehit.<\/li>\n<\/ul>\n<p style=\"text-align: center;\"><strong><a href=\"https:\/\/t.me\/SuriyeArapHaberAjansI\">Telegram Kanal\u0131m\u0131z\u00a0<\/a>||<a href=\"https:\/\/twitter.com\/arap_ajans\">X Platformumuz\u00a0<\/a>||<a href=\"https:\/\/www.facebook.com\/SANAHaberAjansi\/\">Facebook Sayfam\u0131z<\/a><\/strong><\/p>\n","protected":false},"excerpt":{"rendered":"<p>\u0130\u015eGAL ED\u0130LEN KUD\u00dcS 12 OCAK 2024 (SANA) \u2013\u00a0Filistin direni\u015finin i\u015fgalci \u0130srail\u2019in sald\u0131rganl\u0131\u011f\u0131na yan\u0131t olarak 7 Ekim\u2019de ba\u015flatt\u0131\u011f\u0131 Aksa Tufan\u0131 Operasyonu\u2019nda \u00f6ne \u00e7\u0131kan geli\u015fmeler: \u0130srail&#8217;in Gazze \u015eeridi&#8217;ne y\u00f6nelik sald\u0131rganl\u0131\u011f\u0131n\u0131n 98&#8217;inci g\u00fcn\u00fcnde 151 \u015fehit, 248 yaral\u0131. Filistin direni\u015fi, RPG mermisiyle \u0130srail i\u015fgaline ait buldozeri hedef al\u0131yor ve Gazze \u015eeridi&#8217;nin g\u00fcneyindeki Han Yunus \u015fehrinin merkezinde makineli t\u00fcfek kullanan &hellip;<\/p>\n","protected":false},"author":41,"featured_media":295058,"comment_status":"closed","ping_status":"closed","sticky":false,"template":"","format":"standard","meta":{"footnotes":""},"categories":[458,459,17988],"tags":[],"class_list":["post-295057","post","type-post","status-publish","format-standard","has-post-thumbnail","","category-dunya1","category-haberler-arap-uluslararasi-politika","category-son-haberler"],"_links":{"self":[{"href":"https:\/\/archive.sana.sy\/tr\/index.php?rest_route=\/wp\/v2\/posts\/295057","targetHints":{"allow":["GET"]}}],"collection":[{"href":"https:\/\/archive.sana.sy\/tr\/index.php?rest_route=\/wp\/v2\/posts"}],"about":[{"href":"https:\/\/archive.sana.sy\/tr\/index.php?rest_route=\/wp\/v2\/types\/post"}],"author":[{"embeddable":true,"href":"https:\/\/archive.sana.sy\/tr\/index.php?rest_route=\/wp\/v2\/users\/41"}],"replies":[{"embeddable":true,"href":"https:\/\/archive.sana.sy\/tr\/index.php?rest_route=%2Fwp%2Fv2%2Fcomments&post=295057"}],"version-history":[{"count":7,"href":"https:\/\/archive.sana.sy\/tr\/index.php?rest_route=\/wp\/v2\/posts\/295057\/revisions"}],"predecessor-version":[{"id":295100,"href":"https:\/\/archive.sana.sy\/tr\/index.php?rest_route=\/wp\/v2\/posts\/295057\/revisions\/295100"}],"wp:featuredmedia":[{"embeddable":true,"href":"https:\/\/archive.sana.sy\/tr\/index.php?rest_route=\/wp\/v2\/media\/295058"}],"wp:attachment":[{"href":"https:\/\/archive.sana.sy\/tr\/index.php?rest_route=%2Fwp%2Fv2%2Fmedia&parent=295057"}],"wp:term":[{"taxonomy":"category","embeddable":true,"href":"https:\/\/archive.sana.sy\/tr\/index.php?rest_route=%2Fwp%2Fv2%2Fcategories&post=295057"},{"taxonomy":"post_tag","embeddable":true,"href":"https:\/\/archive.sana.sy\/tr\/index.php?rest_route=%2Fwp%2Fv2%2Ftags&post=295057"}],"curies":[{"name":"wp","href":"https:\/\/api.w.org\/{rel}","templated":true}]}}