{"id":295061,"date":"2024-01-12T14:31:16","date_gmt":"2024-01-12T11:31:16","guid":{"rendered":"https:\/\/sana.sy\/tr\/?p=295061"},"modified":"2024-01-14T08:31:11","modified_gmt":"2024-01-14T05:31:11","slug":"dusman-israil-guney-lubnandaki-bircok-kasaba-ve-koyu-hedef-almaya-devam-ediyor","status":"publish","type":"post","link":"https:\/\/archive.sana.sy\/tr\/?p=295061","title":{"rendered":"D\u00fc\u015fman \u0130srail G\u00fcney L\u00fcbnan&#8217;daki Bir\u00e7ok Kasaba Ve K\u00f6y\u00fc Hedef Almaya Devam Ediyor"},"content":{"rendered":"<p style=\"text-align: justify;\"><strong>BEYRUT 12 OCAK (SANA)<\/strong> &#8211; \u0130srail d\u00fc\u015fman\u0131, g\u00fcney L\u00fcbnan&#8217;daki baz\u0131 kasaba ve k\u00f6yleri hedef almay\u0131 yeniledi.<\/p>\n<p style=\"text-align: justify;\">L\u00fcbnan Haber Ajans\u0131, \u0130srail d\u00fc\u015fman\u0131n\u0131n Hiam \u015fehrinin g\u00fcneyindeki Mayis El Cebel , Hula ve Tallet El Hamams kasabalar\u0131 ile Shindiba b\u00f6lgesindeki devlet hastanesi \u00e7evresini hedef ald\u0131\u011f\u0131n\u0131 bildirdi.<\/p>\n<p style=\"text-align: justify;\">Te\u015fkilat, d\u00fc\u015fman ke\u015fif u\u00e7aklar\u0131n\u0131n gece boyunca ve bu sabaha kadar bat\u0131 ve orta kesimlerdeki k\u00f6yler \u00fczerinden u\u00e7tu\u011funu ve Tire \u015fehrinin eteklerine ula\u015ft\u0131\u011f\u0131n\u0131 belirtti.<\/p>\n<p style=\"text-align: justify;\">D\u00fc\u015fman \u0130srail, Labbune \u00a0ve El Alam&#8217;daki kom\u015fu ormanlara yang\u0131n bombalar\u0131n\u0131n yan\u0131 s\u0131ra s\u0131n\u0131r k\u00f6ylerine de i\u015faret fi\u015fekleri ate\u015fledi.<\/p>\n<p style=\"text-align: center;\"><strong><a href=\"https:\/\/t.me\/SuriyeArapHaberAjansI\">Telegram Kanal\u0131m\u0131z\u00a0<\/a>||<a href=\"https:\/\/twitter.com\/arap_ajans\">X Platformumuz\u00a0<\/a>||<a href=\"https:\/\/www.facebook.com\/SANAHaberAjansi\/\">Facebook Sayfam\u0131z<\/a><\/strong><\/p>\n","protected":false},"excerpt":{"rendered":"<p>BEYRUT 12 OCAK (SANA) &#8211; \u0130srail d\u00fc\u015fman\u0131, g\u00fcney L\u00fcbnan&#8217;daki baz\u0131 kasaba ve k\u00f6yleri hedef almay\u0131 yeniledi. L\u00fcbnan Haber Ajans\u0131, \u0130srail d\u00fc\u015fman\u0131n\u0131n Hiam \u015fehrinin g\u00fcneyindeki Mayis El Cebel , Hula ve Tallet El Hamams kasabalar\u0131 ile Shindiba b\u00f6lgesindeki devlet hastanesi \u00e7evresini hedef ald\u0131\u011f\u0131n\u0131 bildirdi. Te\u015fkilat, d\u00fc\u015fman ke\u015fif u\u00e7aklar\u0131n\u0131n gece boyunca ve bu sabaha kadar bat\u0131 ve &hellip;<\/p>\n","protected":false},"author":41,"featured_media":295062,"comment_status":"closed","ping_status":"closed","sticky":false,"template":"","format":"standard","meta":{"footnotes":""},"categories":[458,459,17988],"tags":[40734],"class_list":["post-295061","post","type-post","status-publish","format-standard","has-post-thumbnail","","category-dunya1","category-haberler-arap-uluslararasi-politika","category-son-haberler","tag-dusman-israil-guney-lubnandaki-bircok-kasaba-ve-koyu-hedef-almaya-devam-ediyor"],"_links":{"self":[{"href":"https:\/\/archive.sana.sy\/tr\/index.php?rest_route=\/wp\/v2\/posts\/295061","targetHints":{"allow":["GET"]}}],"collection":[{"href":"https:\/\/archive.sana.sy\/tr\/index.php?rest_route=\/wp\/v2\/posts"}],"about":[{"href":"https:\/\/archive.sana.sy\/tr\/index.php?rest_route=\/wp\/v2\/types\/post"}],"author":[{"embeddable":true,"href":"https:\/\/archive.sana.sy\/tr\/index.php?rest_route=\/wp\/v2\/users\/41"}],"replies":[{"embeddable":true,"href":"https:\/\/archive.sana.sy\/tr\/index.php?rest_route=%2Fwp%2Fv2%2Fcomments&post=295061"}],"version-history":[{"count":1,"href":"https:\/\/archive.sana.sy\/tr\/index.php?rest_route=\/wp\/v2\/posts\/295061\/revisions"}],"predecessor-version":[{"id":295063,"href":"https:\/\/archive.sana.sy\/tr\/index.php?rest_route=\/wp\/v2\/posts\/295061\/revisions\/295063"}],"wp:featuredmedia":[{"embeddable":true,"href":"https:\/\/archive.sana.sy\/tr\/index.php?rest_route=\/wp\/v2\/media\/295062"}],"wp:attachment":[{"href":"https:\/\/archive.sana.sy\/tr\/index.php?rest_route=%2Fwp%2Fv2%2Fmedia&parent=295061"}],"wp:term":[{"taxonomy":"category","embeddable":true,"href":"https:\/\/archive.sana.sy\/tr\/index.php?rest_route=%2Fwp%2Fv2%2Fcategories&post=295061"},{"taxonomy":"post_tag","embeddable":true,"href":"https:\/\/archive.sana.sy\/tr\/index.php?rest_route=%2Fwp%2Fv2%2Ftags&post=295061"}],"curies":[{"name":"wp","href":"https:\/\/api.w.org\/{rel}","templated":true}]}}