{"id":295064,"date":"2024-01-12T09:45:32","date_gmt":"2024-01-12T06:45:32","guid":{"rendered":"https:\/\/sana.sy\/tr\/?p=295064"},"modified":"2024-01-14T08:30:36","modified_gmt":"2024-01-14T05:30:36","slug":"suriye-yuzme-takimi-katardaki-yas-gruplari-arap-sampiyonasinda-parlak-performansini-surduruyor","status":"publish","type":"post","link":"https:\/\/archive.sana.sy\/tr\/?p=295064","title":{"rendered":"Suriye Y\u00fczme Tak\u0131m\u0131, Katar&#8217;daki ya\u015f Gruplar\u0131 Arap \u015eampiyonas\u0131&#8217;nda Parlak Performans\u0131n\u0131 S\u00fcrd\u00fcr\u00fcyor"},"content":{"rendered":"<p style=\"text-align: justify;\"><strong>DOHA 12 OCAK (SANA)<\/strong> &#8211; Suriye y\u00fczme tak\u0131m\u0131, Katar&#8217;\u0131n ba\u015fkenti Doha&#8217;da d\u00fczenlenen ya\u015f gruplar\u0131 Arap \u015eampiyonas\u0131&#8217;nda ba\u015far\u0131s\u0131n\u0131 s\u00fcrd\u00fcr\u00fcrken, bug\u00fcn y\u00fcz\u00fcc\u00fc Lin Ayya\u015f 100 metre kurba\u011falamada 1:17.74&#8217;l\u00fck derecesiyle g\u00fcm\u00fc\u015f madalya kazand\u0131.<\/p>\n<p style=\"text-align: justify;\">Bu madalya, y\u00fcz\u00fcc\u00fc Ammar El Masri&#8217;nin 50 metre s\u0131rt\u00fcst\u00fcnde g\u00fcm\u00fc\u015f madalya kazanmas\u0131, Lin ayya\u015f\u0131n 50 metre kurba\u011falamada alt\u0131n madalya kazanmas\u0131 ve Kenan El Garib&#8217;in 800 metre serbest stilde bronz madalya kazanmas\u0131n\u0131n ard\u0131ndan geldi.<\/p>\n<p style=\"text-align: center;\"><strong><a href=\"https:\/\/t.me\/SuriyeArapHaberAjansI\">Telegram Kanal\u0131m\u0131z\u00a0<\/a>||<a href=\"https:\/\/twitter.com\/arap_ajans\">X Platformumuz\u00a0<\/a>||<a href=\"https:\/\/www.facebook.com\/SANAHaberAjansi\/\">Facebook Sayfam\u0131z<\/a><\/strong><\/p>\n","protected":false},"excerpt":{"rendered":"<p>DOHA 12 OCAK (SANA) &#8211; Suriye y\u00fczme tak\u0131m\u0131, Katar&#8217;\u0131n ba\u015fkenti Doha&#8217;da d\u00fczenlenen ya\u015f gruplar\u0131 Arap \u015eampiyonas\u0131&#8217;nda ba\u015far\u0131s\u0131n\u0131 s\u00fcrd\u00fcr\u00fcrken, bug\u00fcn y\u00fcz\u00fcc\u00fc Lin Ayya\u015f 100 metre kurba\u011falamada 1:17.74&#8217;l\u00fck derecesiyle g\u00fcm\u00fc\u015f madalya kazand\u0131. Bu madalya, y\u00fcz\u00fcc\u00fc Ammar El Masri&#8217;nin 50 metre s\u0131rt\u00fcst\u00fcnde g\u00fcm\u00fc\u015f madalya kazanmas\u0131, Lin ayya\u015f\u0131n 50 metre kurba\u011falamada alt\u0131n madalya kazanmas\u0131 ve Kenan El Garib&#8217;in 800 &hellip;<\/p>\n","protected":false},"author":41,"featured_media":295065,"comment_status":"closed","ping_status":"closed","sticky":false,"template":"","format":"standard","meta":{"footnotes":""},"categories":[458,498,459,17988,496],"tags":[40736,40735],"class_list":["post-295064","post","type-post","status-publish","format-standard","has-post-thumbnail","","category-dunya1","category-dunya-turnuvalari","category-haberler-arap-uluslararasi-politika","category-son-haberler","category-spor","tag-katardaki-yas-gruplari-arap-sampiyonasinda-parlak-performansini-surduruyor","tag-suriye-yuzme-takimi"],"_links":{"self":[{"href":"https:\/\/archive.sana.sy\/tr\/index.php?rest_route=\/wp\/v2\/posts\/295064","targetHints":{"allow":["GET"]}}],"collection":[{"href":"https:\/\/archive.sana.sy\/tr\/index.php?rest_route=\/wp\/v2\/posts"}],"about":[{"href":"https:\/\/archive.sana.sy\/tr\/index.php?rest_route=\/wp\/v2\/types\/post"}],"author":[{"embeddable":true,"href":"https:\/\/archive.sana.sy\/tr\/index.php?rest_route=\/wp\/v2\/users\/41"}],"replies":[{"embeddable":true,"href":"https:\/\/archive.sana.sy\/tr\/index.php?rest_route=%2Fwp%2Fv2%2Fcomments&post=295064"}],"version-history":[{"count":2,"href":"https:\/\/archive.sana.sy\/tr\/index.php?rest_route=\/wp\/v2\/posts\/295064\/revisions"}],"predecessor-version":[{"id":295089,"href":"https:\/\/archive.sana.sy\/tr\/index.php?rest_route=\/wp\/v2\/posts\/295064\/revisions\/295089"}],"wp:featuredmedia":[{"embeddable":true,"href":"https:\/\/archive.sana.sy\/tr\/index.php?rest_route=\/wp\/v2\/media\/295065"}],"wp:attachment":[{"href":"https:\/\/archive.sana.sy\/tr\/index.php?rest_route=%2Fwp%2Fv2%2Fmedia&parent=295064"}],"wp:term":[{"taxonomy":"category","embeddable":true,"href":"https:\/\/archive.sana.sy\/tr\/index.php?rest_route=%2Fwp%2Fv2%2Fcategories&post=295064"},{"taxonomy":"post_tag","embeddable":true,"href":"https:\/\/archive.sana.sy\/tr\/index.php?rest_route=%2Fwp%2Fv2%2Ftags&post=295064"}],"curies":[{"name":"wp","href":"https:\/\/api.w.org\/{rel}","templated":true}]}}