{"id":295070,"date":"2024-01-12T07:02:30","date_gmt":"2024-01-12T04:02:30","guid":{"rendered":"https:\/\/sana.sy\/tr\/?p=295070"},"modified":"2024-01-14T08:30:20","modified_gmt":"2024-01-14T05:30:20","slug":"israilin-gazze-seridinde-98inci-gununde-surdurdugu-saldirganliginda-sehit-ve-yaralilar","status":"publish","type":"post","link":"https:\/\/archive.sana.sy\/tr\/?p=295070","title":{"rendered":"\u0130srail&#8217;in Gazze \u015eeridi&#8217;nde 98&#8217;inci G\u00fcn\u00fcnde S\u00fcrd\u00fcrd\u00fc\u011f\u00fc Sald\u0131rganl\u0131\u011f\u0131nda \u015eehit Ve Yaral\u0131lar"},"content":{"rendered":"<p style=\"text-align: justify;\"><strong>\u0130\u015eGAL ED\u0130LEN KUD\u00dcS 12 OCAK (SANA)<\/strong> &#8211; \u0130srail i\u015fgalinin Gazze \u015eeridi&#8217;nde y\u00fcr\u00fctt\u00fc\u011f\u00fc soyk\u0131r\u0131m sava\u015f\u0131 98&#8217;inci g\u00fcn\u00fcnde devam ederken, bug\u00fcn \u015fafak vakti \u00e7ok say\u0131da Filistinli \u015fehit oldu, \u00e7ok say\u0131da ki\u015fi de yaraland\u0131.<\/p>\n<p style=\"text-align: justify;\">Filistin medyas\u0131, \u2018\u2019\u0130\u015fgal u\u00e7aklar\u0131, Gazze \u015eeridi&#8217;nin ortas\u0131ndaki Deyir El Balah&#8217;\u0131n El Me\u015fa&#8217;la mahallesindeki bir evi bombalarken, ayn\u0131 zamanda El Zevaide kasabas\u0131 ile Nuseyrat ve Bureyic kamplar\u0131n\u0131 da top\u00e7u bombard\u0131man\u0131na tuttu. Bu da \u00e7ok say\u0131da \u015fehit ve yaral\u0131n\u0131n olu\u015fmas\u0131na neden oldu\u2019\u2019 dedi.<\/p>\n<p style=\"text-align: justify;\">\u0130\u015fgal u\u00e7aklar\u0131 ayr\u0131ca, Gazze \u015eeridi&#8217;nin g\u00fcneyindeki Han Yunus&#8217;un merkezine \u015fiddetli bask\u0131nlar d\u00fczenledi ve yaral\u0131lar\u0131 ta\u015f\u0131mak ve \u015fehitlerin cenazelerini almak i\u00e7in \u00e7al\u0131\u015fan ambulans ve kurtarma ekiplerini bombalarken, top\u00e7ular\u0131 Han Yunus&#8217;un g\u00fcney ve bat\u0131 k\u0131s\u0131mlar\u0131n\u0131 hedef ald\u0131.<\/p>\n<p style=\"text-align: justify;\">Son 24 saatte \u0130srail&#8217;in aral\u0131ks\u0131z bombard\u0131man\u0131 sonucu 30 \u015fehidin naa\u015f\u0131 Han Yunus hastanelerine ula\u015ft\u0131.<\/p>\n<p style=\"text-align: justify;\">Gazze Belediyesi, ya\u011f\u0131\u015flar\u0131n devam etmesi ve g\u00f6let seviyesinin kritik seviyeye ula\u015fmas\u0131 nedeniyle Gazze&#8217;nin kuzeyindeki \u015eeyh R\u0131dvan&#8217;daki ya\u011fmur suyu toplama g\u00f6letinin sular alt\u0131nda kalmas\u0131 tehlikesine kar\u015f\u0131 uyar\u0131da bulunurken, uluslararas\u0131 kurulu\u015flar acil m\u00fcdahale ve su pompalar\u0131n\u0131n \u00e7al\u0131\u015ft\u0131r\u0131lmas\u0131 i\u00e7in gerekli yak\u0131t\u0131n sa\u011flanmas\u0131 \u00e7a\u011fr\u0131s\u0131nda bulundu.<\/p>\n<p style=\"text-align: justify;\">Kuzey Gazze \u015eeridi&#8217;ndeki bar\u0131nma merkezlerindeki yerinden edilmi\u015f insanlar, i\u015fgalin b\u00f6lgeyi ablukaya almaya devam etmesi ve yak\u0131t\u0131n belediyelere ula\u015fmas\u0131n\u0131 engellemesi nedeniyle felaket ko\u015fullar\u0131nda ya\u015f\u0131yor ve bu da onlar\u0131n hizmet d\u0131\u015f\u0131 kalmas\u0131na neden oluyor.<\/p>\n<p style=\"text-align: center;\"><strong><a href=\"https:\/\/t.me\/SuriyeArapHaberAjansI\">Telegram Kanal\u0131m\u0131z\u00a0<\/a>||<a href=\"https:\/\/twitter.com\/arap_ajans\">X Platformumuz\u00a0<\/a>||<a href=\"https:\/\/www.facebook.com\/SANAHaberAjansi\/\">Facebook Sayfam\u0131z<\/a><\/strong><\/p>\n","protected":false},"excerpt":{"rendered":"<p>\u0130\u015eGAL ED\u0130LEN KUD\u00dcS 12 OCAK (SANA) &#8211; \u0130srail i\u015fgalinin Gazze \u015eeridi&#8217;nde y\u00fcr\u00fctt\u00fc\u011f\u00fc soyk\u0131r\u0131m sava\u015f\u0131 98&#8217;inci g\u00fcn\u00fcnde devam ederken, bug\u00fcn \u015fafak vakti \u00e7ok say\u0131da Filistinli \u015fehit oldu, \u00e7ok say\u0131da ki\u015fi de yaraland\u0131. Filistin medyas\u0131, \u2018\u2019\u0130\u015fgal u\u00e7aklar\u0131, Gazze \u015eeridi&#8217;nin ortas\u0131ndaki Deyir El Balah&#8217;\u0131n El Me\u015fa&#8217;la mahallesindeki bir evi bombalarken, ayn\u0131 zamanda El Zevaide kasabas\u0131 ile Nuseyrat ve &hellip;<\/p>\n","protected":false},"author":41,"featured_media":295071,"comment_status":"closed","ping_status":"closed","sticky":false,"template":"","format":"standard","meta":{"footnotes":""},"categories":[458,459,17988],"tags":[40737],"class_list":["post-295070","post","type-post","status-publish","format-standard","has-post-thumbnail","","category-dunya1","category-haberler-arap-uluslararasi-politika","category-son-haberler","tag-israilin-gazze-seridinde-98inci-gununde-surdurdugu-saldirganliginda-sehit-ve-yaralilar"],"_links":{"self":[{"href":"https:\/\/archive.sana.sy\/tr\/index.php?rest_route=\/wp\/v2\/posts\/295070","targetHints":{"allow":["GET"]}}],"collection":[{"href":"https:\/\/archive.sana.sy\/tr\/index.php?rest_route=\/wp\/v2\/posts"}],"about":[{"href":"https:\/\/archive.sana.sy\/tr\/index.php?rest_route=\/wp\/v2\/types\/post"}],"author":[{"embeddable":true,"href":"https:\/\/archive.sana.sy\/tr\/index.php?rest_route=\/wp\/v2\/users\/41"}],"replies":[{"embeddable":true,"href":"https:\/\/archive.sana.sy\/tr\/index.php?rest_route=%2Fwp%2Fv2%2Fcomments&post=295070"}],"version-history":[{"count":1,"href":"https:\/\/archive.sana.sy\/tr\/index.php?rest_route=\/wp\/v2\/posts\/295070\/revisions"}],"predecessor-version":[{"id":295072,"href":"https:\/\/archive.sana.sy\/tr\/index.php?rest_route=\/wp\/v2\/posts\/295070\/revisions\/295072"}],"wp:featuredmedia":[{"embeddable":true,"href":"https:\/\/archive.sana.sy\/tr\/index.php?rest_route=\/wp\/v2\/media\/295071"}],"wp:attachment":[{"href":"https:\/\/archive.sana.sy\/tr\/index.php?rest_route=%2Fwp%2Fv2%2Fmedia&parent=295070"}],"wp:term":[{"taxonomy":"category","embeddable":true,"href":"https:\/\/archive.sana.sy\/tr\/index.php?rest_route=%2Fwp%2Fv2%2Fcategories&post=295070"},{"taxonomy":"post_tag","embeddable":true,"href":"https:\/\/archive.sana.sy\/tr\/index.php?rest_route=%2Fwp%2Fv2%2Ftags&post=295070"}],"curies":[{"name":"wp","href":"https:\/\/api.w.org\/{rel}","templated":true}]}}