{"id":295073,"date":"2024-01-12T15:22:22","date_gmt":"2024-01-12T12:22:22","guid":{"rendered":"https:\/\/sana.sy\/tr\/?p=295073"},"modified":"2024-01-14T09:01:38","modified_gmt":"2024-01-14T06:01:38","slug":"suriye-abd-ve-ingilterenin-yemene-yonelik-saldirganligini-kinadi","status":"publish","type":"post","link":"https:\/\/archive.sana.sy\/tr\/?p=295073","title":{"rendered":"Suriye, ABD Ve \u0130ngiltere&#8217;nin Yemen&#8217;e Y\u00f6nelik Sald\u0131rganl\u0131\u011f\u0131n\u0131 K\u0131nad\u0131"},"content":{"rendered":"<p style=\"text-align: justify;\"><strong>\u015eAM 12 OCAK (SANA) <\/strong>&#8211; Suriye, Amerika ve Britanya&#8217;n\u0131n Yemen&#8217;e y\u00f6nelik sald\u0131rganl\u0131\u011f\u0131n\u0131 ve bunun K\u0131z\u0131ldeniz b\u00f6lgesindeki g\u00fcvenlik ve istikrara ve buradaki seyr\u00fcsefere y\u00f6nelik olu\u015fturdu\u011fu tehdidi k\u0131nayarak, bunun, d\u00fcnya kamuoyunun dikkatini \u0130srail i\u015fgalci kurulu\u015funun Filistin halk\u0131na kar\u015f\u0131 i\u015fledi\u011fi sava\u015f su\u00e7lar\u0131ndan uzakla\u015ft\u0131rmaya y\u00f6nelik umutsuz bir giri\u015fim oldu\u011funu vurgulad\u0131.<\/p>\n<p style=\"text-align: justify;\">D\u0131\u015fi\u015fleri ve Gurbet\u00e7iler Bakanl\u0131\u011f\u0131&#8217;ndan bug\u00fcn bir kopyas\u0131 SANA&#8217;ya ula\u015fan a\u00e7\u0131klamada \u015fu ifadelere yer verildi: &#8220;Suriye Arap Cumhuriyeti, Amerikan ve \u0130ngilizlerin Yemen \u015fehirlerine y\u00f6nelik hava sald\u0131r\u0131lar\u0131n\u0131, bunlar\u0131n Yemen halk\u0131na kar\u015f\u0131 temsil etti\u011fi sald\u0131rganl\u0131\u011f\u0131 ve K\u0131z\u0131ldeniz b\u00f6lgesinin g\u00fcvenlik ve istikrar\u0131na ve buradaki seyr\u00fcsefere y\u00f6nelik tehdidi k\u0131n\u0131yor.&#8221;<\/p>\n<p style=\"text-align: justify;\">Bakanl\u0131k ayr\u0131ca, \u2018\u2019 \u201cSuriye Arap Cumhuriyeti, Amerika Birle\u015fik Devletleri&#8217;nin bu sald\u0131rganl\u0131\u011f\u0131n\u0131, d\u00fcnya kamuoyunun dikkatini \u201c\u0130srail\u201din Filistin halk\u0131na kar\u015f\u0131 i\u015fledi\u011fi sava\u015f su\u00e7lar\u0131ndan ba\u015fka y\u00f6ne \u00e7ekmeye y\u00f6nelik umutsuz bir giri\u015fim olarak de\u011ferlendiriyor. Ayn\u0131 zamanda \u0130srail&#8217;in kendisine y\u00f6nelik sald\u0131rganl\u0131\u011f\u0131nda da ortak oldu\u011funu bir kez daha teyit ediyor&#8221; ifadelerini s\u00f6zlerine ekledi.<\/p>\n<p style=\"text-align: justify;\">Bakanl\u0131k a\u00e7\u0131klamas\u0131nda da &#8220;Suriye Arap Cumhuriyeti, kendilerini \u0130srail i\u015fgal yetkilileri ad\u0131na avukat olarak atayan ve uluslararas\u0131 hukuku ve vah\u015fi katliamlar\u0131 a\u00e7\u0131k\u00e7a g\u00f6z ard\u0131 ederek g\u00f6rmezden gelen Amerikan y\u00f6netiminin temsilcilerinin a\u00e7\u0131klamalar\u0131n\u0131 k\u0131n\u0131yor&#8221; dedi. ,<\/p>\n<p style=\"text-align: justify;\">G\u00fcney Afrika Cumhuriyeti&#8217;nin Soyk\u0131r\u0131m Su\u00e7unun \u00d6nlenmesi ve Cezaland\u0131r\u0131lmas\u0131na \u0130li\u015fkin S\u00f6zle\u015fme&#8217;yi a\u00e7\u0131k\u00e7a ihlal etmesi nedeniyle &#8220;\u0130srail&#8221;e kar\u015f\u0131 Uluslararas\u0131 Adalet Divan\u0131&#8217;nda ba\u015flatt\u0131\u011f\u0131 eylemi Suriye Arap Cumhuriyeti&#8217;nin memnuniyetle kar\u015f\u0131lad\u0131\u011f\u0131n\u0131 duyuran bakanl\u0131k, \u00a0bu \u00f6nemli hamlenin, ba\u015fta \u00e7ocuklar olmak \u00fczere \u00e7ok say\u0131da Filistinli sivil kurban\u0131n varl\u0131\u011f\u0131n\u0131 vurgulad\u0131\u011f\u0131n\u0131 ve ayn\u0131 zamanda \u0130srail&#8217;in Filistin halk\u0131na kar\u015f\u0131 i\u015fledi\u011fi su\u00e7lardan sorumlu tutulmas\u0131n\u0131 sa\u011flad\u0131\u011f\u0131n\u0131 kaydetti.<\/p>\n<p style=\"text-align: center;\"><strong><a href=\"https:\/\/t.me\/SuriyeArapHaberAjansI\">Telegram Kanal\u0131m\u0131z\u00a0<\/a>||<a href=\"https:\/\/twitter.com\/arap_ajans\">X Platformumuz\u00a0<\/a>||<a href=\"https:\/\/www.facebook.com\/SANAHaberAjansi\/\">Facebook Sayfam\u0131z<\/a><\/strong><\/p>\n","protected":false},"excerpt":{"rendered":"<p>\u015eAM 12 OCAK (SANA) &#8211; Suriye, Amerika ve Britanya&#8217;n\u0131n Yemen&#8217;e y\u00f6nelik sald\u0131rganl\u0131\u011f\u0131n\u0131 ve bunun K\u0131z\u0131ldeniz b\u00f6lgesindeki g\u00fcvenlik ve istikrara ve buradaki seyr\u00fcsefere y\u00f6nelik olu\u015fturdu\u011fu tehdidi k\u0131nayarak, bunun, d\u00fcnya kamuoyunun dikkatini \u0130srail i\u015fgalci kurulu\u015funun Filistin halk\u0131na kar\u015f\u0131 i\u015fledi\u011fi sava\u015f su\u00e7lar\u0131ndan uzakla\u015ft\u0131rmaya y\u00f6nelik umutsuz bir giri\u015fim oldu\u011funu vurgulad\u0131. D\u0131\u015fi\u015fleri ve Gurbet\u00e7iler Bakanl\u0131\u011f\u0131&#8217;ndan bug\u00fcn bir kopyas\u0131 SANA&#8217;ya ula\u015fan &hellip;<\/p>\n","protected":false},"author":41,"featured_media":295074,"comment_status":"closed","ping_status":"closed","sticky":false,"template":"","format":"standard","meta":{"footnotes":""},"categories":[479,17988,478],"tags":[40738,16591],"class_list":["post-295073","post","type-post","status-publish","format-standard","has-post-thumbnail","","category-haberler-yerel","category-son-haberler","category-yerel","tag-abd-ve-ingilterenin-yemene-yonelik-saldirganligini-kinadi","tag-suriye"],"_links":{"self":[{"href":"https:\/\/archive.sana.sy\/tr\/index.php?rest_route=\/wp\/v2\/posts\/295073","targetHints":{"allow":["GET"]}}],"collection":[{"href":"https:\/\/archive.sana.sy\/tr\/index.php?rest_route=\/wp\/v2\/posts"}],"about":[{"href":"https:\/\/archive.sana.sy\/tr\/index.php?rest_route=\/wp\/v2\/types\/post"}],"author":[{"embeddable":true,"href":"https:\/\/archive.sana.sy\/tr\/index.php?rest_route=\/wp\/v2\/users\/41"}],"replies":[{"embeddable":true,"href":"https:\/\/archive.sana.sy\/tr\/index.php?rest_route=%2Fwp%2Fv2%2Fcomments&post=295073"}],"version-history":[{"count":1,"href":"https:\/\/archive.sana.sy\/tr\/index.php?rest_route=\/wp\/v2\/posts\/295073\/revisions"}],"predecessor-version":[{"id":295075,"href":"https:\/\/archive.sana.sy\/tr\/index.php?rest_route=\/wp\/v2\/posts\/295073\/revisions\/295075"}],"wp:featuredmedia":[{"embeddable":true,"href":"https:\/\/archive.sana.sy\/tr\/index.php?rest_route=\/wp\/v2\/media\/295074"}],"wp:attachment":[{"href":"https:\/\/archive.sana.sy\/tr\/index.php?rest_route=%2Fwp%2Fv2%2Fmedia&parent=295073"}],"wp:term":[{"taxonomy":"category","embeddable":true,"href":"https:\/\/archive.sana.sy\/tr\/index.php?rest_route=%2Fwp%2Fv2%2Fcategories&post=295073"},{"taxonomy":"post_tag","embeddable":true,"href":"https:\/\/archive.sana.sy\/tr\/index.php?rest_route=%2Fwp%2Fv2%2Ftags&post=295073"}],"curies":[{"name":"wp","href":"https:\/\/api.w.org\/{rel}","templated":true}]}}