{"id":295077,"date":"2024-01-12T08:45:19","date_gmt":"2024-01-12T05:45:19","guid":{"rendered":"https:\/\/sana.sy\/tr\/?p=295077"},"modified":"2024-01-14T08:30:28","modified_gmt":"2024-01-14T05:30:28","slug":"umman-sultanligi-ve-irak-amerikan-ingilizlerin-yemene-yonelik-saldirganligini-kinadi","status":"publish","type":"post","link":"https:\/\/archive.sana.sy\/tr\/?p=295077","title":{"rendered":"Umman Sultanl\u0131\u011f\u0131 Ve Irak, Amerikan-\u0130ngilizlerin Yemen&#8217;e Y\u00f6nelik Sald\u0131rganl\u0131\u011f\u0131n\u0131 K\u0131nad\u0131lar"},"content":{"rendered":"<p style=\"text-align: justify;\"><strong>MASKAT 12 OCAK (SANA)<\/strong> &#8211; Umman Sultanl\u0131\u011f\u0131 ve Irak, bug\u00fcn \u015fafak vakti Amerikan-\u0130ngilizlerin Yemen&#8217;e y\u00f6nelik sald\u0131rganl\u0131\u011f\u0131n\u0131 k\u0131nad\u0131.<\/p>\n<p style=\"text-align: justify;\">Umman Sultanl\u0131\u011f\u0131 ve Irak, bug\u00fcn \u015fafak vakti Amerikan-\u0130ngilizlerin Yemen&#8217;e y\u00f6nelik sald\u0131rganl\u0131\u011f\u0131n\u0131 k\u0131nad\u0131.<\/p>\n<p style=\"text-align: justify;\">Umman D\u0131\u015fi\u015fleri Bakanl\u0131\u011f\u0131 bug\u00fcn X platformundaki hesab\u0131nda \u015funlar\u0131 s\u00f6yledi: \u201cKarde\u015f Yemen Cumhuriyeti&#8217;nin bir\u00e7ok \u015fehrini etkileyen Amerikan-\u0130ngiliz bombalamalar\u0131yla ilgili geli\u015fmeleri b\u00fcy\u00fck endi\u015feyle takip ediyoruz. \u0130srail bombalamalar\u0131na, ac\u0131mas\u0131z sava\u015flar\u0131na ve Gazze \u015eeridi&#8217;ni ku\u015fatmalar\u0131na hesap vermeden ve cezaland\u0131rmadan devam ederken, bu askeri harekata ba\u015fvurulmas\u0131n\u0131 ancak k\u0131nayabiliriz.\u201d<\/p>\n<p style=\"text-align: justify;\">Buna kar\u015f\u0131l\u0131k Irak, hedefleme kapsam\u0131n\u0131 geni\u015fletmenin soruna bir \u00e7\u00f6z\u00fcm olmad\u0131\u011f\u0131n\u0131, aksine sava\u015f\u0131n kapsam\u0131n\u0131 geni\u015fletece\u011fini d\u00fc\u015f\u00fcnerek Yemen&#8217;e ve egemenli\u011fine y\u00f6nelik sald\u0131r\u0131y\u0131 k\u0131nad\u0131.<\/p>\n<p style=\"text-align: justify;\">Irak D\u0131\u015fi\u015fleri Bakanl\u0131\u011f\u0131 bug\u00fcn yapt\u0131\u011f\u0131 a\u00e7\u0131klamada\\ \u201c\u0130\u015fgal g\u00fc\u00e7lerinin Gazze \u015eeridi&#8217;ne y\u00f6nelik ba\u015flatt\u0131\u011f\u0131 sald\u0131rganl\u0131k ve haks\u0131z sava\u015f\u0131n ba\u015flang\u0131c\u0131ndan bu yana Irak, gasp\u00e7\u0131 yap\u0131ya deste\u011fin s\u00fcrd\u00fcr\u00fclmesinin sonu\u00e7lar\u0131na ili\u015fkin uyar\u0131larda bulundu ve b\u00fcy\u00fck \u00fclkelerin sorumluluklar\u0131n\u0131 yerine getirmemesinin, meselelerin Gazze ve Filistin topraklar\u0131nda durmayacak kapsaml\u0131 geli\u015fmelere do\u011fru kaymas\u0131na yol a\u00e7aca\u011f\u0131na dikkat \u00e7ekti\u2019\u2019 dedi.<\/p>\n<p style=\"text-align: center;\"><strong><a href=\"https:\/\/t.me\/SuriyeArapHaberAjansI\">Telegram Kanal\u0131m\u0131z\u00a0<\/a>||<a href=\"https:\/\/twitter.com\/arap_ajans\">X Platformumuz\u00a0<\/a>||<a href=\"https:\/\/www.facebook.com\/SANAHaberAjansi\/\">Facebook Sayfam\u0131z<\/a><\/strong><\/p>\n","protected":false},"excerpt":{"rendered":"<p>MASKAT 12 OCAK (SANA) &#8211; Umman Sultanl\u0131\u011f\u0131 ve Irak, bug\u00fcn \u015fafak vakti Amerikan-\u0130ngilizlerin Yemen&#8217;e y\u00f6nelik sald\u0131rganl\u0131\u011f\u0131n\u0131 k\u0131nad\u0131. Umman Sultanl\u0131\u011f\u0131 ve Irak, bug\u00fcn \u015fafak vakti Amerikan-\u0130ngilizlerin Yemen&#8217;e y\u00f6nelik sald\u0131rganl\u0131\u011f\u0131n\u0131 k\u0131nad\u0131. Umman D\u0131\u015fi\u015fleri Bakanl\u0131\u011f\u0131 bug\u00fcn X platformundaki hesab\u0131nda \u015funlar\u0131 s\u00f6yledi: \u201cKarde\u015f Yemen Cumhuriyeti&#8217;nin bir\u00e7ok \u015fehrini etkileyen Amerikan-\u0130ngiliz bombalamalar\u0131yla ilgili geli\u015fmeleri b\u00fcy\u00fck endi\u015feyle takip ediyoruz. \u0130srail bombalamalar\u0131na, ac\u0131mas\u0131z &hellip;<\/p>\n","protected":false},"author":1,"featured_media":295078,"comment_status":"closed","ping_status":"closed","sticky":false,"template":"","format":"standard","meta":{"footnotes":""},"categories":[458,459,17988],"tags":[],"class_list":["post-295077","post","type-post","status-publish","format-standard","has-post-thumbnail","","category-dunya1","category-haberler-arap-uluslararasi-politika","category-son-haberler"],"_links":{"self":[{"href":"https:\/\/archive.sana.sy\/tr\/index.php?rest_route=\/wp\/v2\/posts\/295077","targetHints":{"allow":["GET"]}}],"collection":[{"href":"https:\/\/archive.sana.sy\/tr\/index.php?rest_route=\/wp\/v2\/posts"}],"about":[{"href":"https:\/\/archive.sana.sy\/tr\/index.php?rest_route=\/wp\/v2\/types\/post"}],"author":[{"embeddable":true,"href":"https:\/\/archive.sana.sy\/tr\/index.php?rest_route=\/wp\/v2\/users\/1"}],"replies":[{"embeddable":true,"href":"https:\/\/archive.sana.sy\/tr\/index.php?rest_route=%2Fwp%2Fv2%2Fcomments&post=295077"}],"version-history":[{"count":2,"href":"https:\/\/archive.sana.sy\/tr\/index.php?rest_route=\/wp\/v2\/posts\/295077\/revisions"}],"predecessor-version":[{"id":295083,"href":"https:\/\/archive.sana.sy\/tr\/index.php?rest_route=\/wp\/v2\/posts\/295077\/revisions\/295083"}],"wp:featuredmedia":[{"embeddable":true,"href":"https:\/\/archive.sana.sy\/tr\/index.php?rest_route=\/wp\/v2\/media\/295078"}],"wp:attachment":[{"href":"https:\/\/archive.sana.sy\/tr\/index.php?rest_route=%2Fwp%2Fv2%2Fmedia&parent=295077"}],"wp:term":[{"taxonomy":"category","embeddable":true,"href":"https:\/\/archive.sana.sy\/tr\/index.php?rest_route=%2Fwp%2Fv2%2Fcategories&post=295077"},{"taxonomy":"post_tag","embeddable":true,"href":"https:\/\/archive.sana.sy\/tr\/index.php?rest_route=%2Fwp%2Fv2%2Ftags&post=295077"}],"curies":[{"name":"wp","href":"https:\/\/api.w.org\/{rel}","templated":true}]}}