{"id":295080,"date":"2024-01-12T12:50:34","date_gmt":"2024-01-12T09:50:34","guid":{"rendered":"https:\/\/sana.sy\/tr\/?p=295080"},"modified":"2024-01-14T08:31:06","modified_gmt":"2024-01-14T05:31:06","slug":"peskov-abd-ingilterenin-yemene-saldirisi-yasa-disidir","status":"publish","type":"post","link":"https:\/\/archive.sana.sy\/tr\/?p=295080","title":{"rendered":"Peskov: ABD-\u0130ngiltere&#8217;nin Yemen&#8217;e Sald\u0131r\u0131s\u0131 Yasa D\u0131\u015f\u0131d\u0131r"},"content":{"rendered":"<p style=\"text-align: justify;\"><strong>MOSKOVA 12 OCAK (SANA)<\/strong> &#8211; Rusya ba\u015fkanl\u0131k s\u00f6zc\u00fcs\u00fc Dmitry Peskov, Amerika ve \u0130ngiltere&#8217;nin Yemen&#8217;e y\u00f6nelik sald\u0131r\u0131lar\u0131n\u0131n uluslararas\u0131 hukuk a\u00e7\u0131s\u0131ndan yasa d\u0131\u015f\u0131 oldu\u011funu vurgulad\u0131.<\/p>\n<p style=\"text-align: justify;\">TASS, Peskov&#8217;un bug\u00fcn gazetecilere verdi\u011fi deme\u00e7te, &#8220;Uluslararas\u0131 hukuk a\u00e7\u0131s\u0131ndan yasad\u0131\u015f\u0131 olduklar\u0131 i\u00e7in bu grevleri k\u0131n\u0131yoruz ve bu bizim tutumumuzdur&#8221; dedi\u011fini aktard\u0131.<\/p>\n<p style=\"text-align: justify;\">Rusya&#8217;n\u0131n Birle\u015fmi\u015f Milletler&#8217;deki diplomatik misyonu, G\u00fcvenlik Konseyi&#8217;nin Yemen&#8217;e y\u00f6nelik Amerikan-\u0130ngiliz sald\u0131rganl\u0131\u011f\u0131n\u0131 g\u00f6r\u00fc\u015fmek \u00fczere bug\u00fcn acil bir toplant\u0131 yapmas\u0131 \u00e7a\u011fr\u0131s\u0131nda bulunmu\u015ftu.<\/p>\n<p style=\"text-align: center;\"><strong><a href=\"https:\/\/t.me\/SuriyeArapHaberAjansI\">Telegram Kanal\u0131m\u0131z\u00a0<\/a>||<a href=\"https:\/\/twitter.com\/arap_ajans\">X Platformumuz\u00a0<\/a>||<a href=\"https:\/\/www.facebook.com\/SANAHaberAjansi\/\">Facebook Sayfam\u0131z<\/a><\/strong><\/p>\n","protected":false},"excerpt":{"rendered":"<p>MOSKOVA 12 OCAK (SANA) &#8211; Rusya ba\u015fkanl\u0131k s\u00f6zc\u00fcs\u00fc Dmitry Peskov, Amerika ve \u0130ngiltere&#8217;nin Yemen&#8217;e y\u00f6nelik sald\u0131r\u0131lar\u0131n\u0131n uluslararas\u0131 hukuk a\u00e7\u0131s\u0131ndan yasa d\u0131\u015f\u0131 oldu\u011funu vurgulad\u0131. TASS, Peskov&#8217;un bug\u00fcn gazetecilere verdi\u011fi deme\u00e7te, &#8220;Uluslararas\u0131 hukuk a\u00e7\u0131s\u0131ndan yasad\u0131\u015f\u0131 olduklar\u0131 i\u00e7in bu grevleri k\u0131n\u0131yoruz ve bu bizim tutumumuzdur&#8221; dedi\u011fini aktard\u0131. Rusya&#8217;n\u0131n Birle\u015fmi\u015f Milletler&#8217;deki diplomatik misyonu, G\u00fcvenlik Konseyi&#8217;nin Yemen&#8217;e y\u00f6nelik Amerikan-\u0130ngiliz sald\u0131rganl\u0131\u011f\u0131n\u0131 &hellip;<\/p>\n","protected":false},"author":1,"featured_media":295082,"comment_status":"closed","ping_status":"closed","sticky":false,"template":"","format":"standard","meta":{"footnotes":""},"categories":[458,459,17988],"tags":[],"class_list":["post-295080","post","type-post","status-publish","format-standard","has-post-thumbnail","","category-dunya1","category-haberler-arap-uluslararasi-politika","category-son-haberler"],"_links":{"self":[{"href":"https:\/\/archive.sana.sy\/tr\/index.php?rest_route=\/wp\/v2\/posts\/295080","targetHints":{"allow":["GET"]}}],"collection":[{"href":"https:\/\/archive.sana.sy\/tr\/index.php?rest_route=\/wp\/v2\/posts"}],"about":[{"href":"https:\/\/archive.sana.sy\/tr\/index.php?rest_route=\/wp\/v2\/types\/post"}],"author":[{"embeddable":true,"href":"https:\/\/archive.sana.sy\/tr\/index.php?rest_route=\/wp\/v2\/users\/1"}],"replies":[{"embeddable":true,"href":"https:\/\/archive.sana.sy\/tr\/index.php?rest_route=%2Fwp%2Fv2%2Fcomments&post=295080"}],"version-history":[{"count":1,"href":"https:\/\/archive.sana.sy\/tr\/index.php?rest_route=\/wp\/v2\/posts\/295080\/revisions"}],"predecessor-version":[{"id":295081,"href":"https:\/\/archive.sana.sy\/tr\/index.php?rest_route=\/wp\/v2\/posts\/295080\/revisions\/295081"}],"wp:featuredmedia":[{"embeddable":true,"href":"https:\/\/archive.sana.sy\/tr\/index.php?rest_route=\/wp\/v2\/media\/295082"}],"wp:attachment":[{"href":"https:\/\/archive.sana.sy\/tr\/index.php?rest_route=%2Fwp%2Fv2%2Fmedia&parent=295080"}],"wp:term":[{"taxonomy":"category","embeddable":true,"href":"https:\/\/archive.sana.sy\/tr\/index.php?rest_route=%2Fwp%2Fv2%2Fcategories&post=295080"},{"taxonomy":"post_tag","embeddable":true,"href":"https:\/\/archive.sana.sy\/tr\/index.php?rest_route=%2Fwp%2Fv2%2Ftags&post=295080"}],"curies":[{"name":"wp","href":"https:\/\/api.w.org\/{rel}","templated":true}]}}