{"id":295084,"date":"2024-01-12T16:00:22","date_gmt":"2024-01-12T13:00:22","guid":{"rendered":"https:\/\/sana.sy\/tr\/?p=295084"},"modified":"2024-01-14T08:31:18","modified_gmt":"2024-01-14T05:31:18","slug":"israilin-gazze-seridine-yonelik-saldirganliginin-98inci-gununde-151-sehit-248-yarali","status":"publish","type":"post","link":"https:\/\/archive.sana.sy\/tr\/?p=295084","title":{"rendered":"\u0130srail&#8217;in Gazze \u015eeridi&#8217;ne Y\u00f6nelik Sald\u0131rganl\u0131\u011f\u0131n\u0131n 98&#8217;inci G\u00fcn\u00fcnde 151 \u015eehit, 248 Yaral\u0131"},"content":{"rendered":"<p style=\"text-align: justify;\"><strong>\u0130\u015eGAL ED\u0130LEN KUD\u00dcS 12 OCAK (SANA)<\/strong> &#8211; Filistin Sa\u011fl\u0131k Bakanl\u0131\u011f\u0131, \u0130srail i\u015fgalinin son 24 saatte 13 katliam ger\u00e7ekle\u015ftirdi\u011fini, 151&#8217;inin \u015fehit, 248&#8217;inin de yaraland\u0131\u011f\u0131n\u0131 a\u00e7\u0131klad\u0131.<\/p>\n<p style=\"text-align: justify;\">Bakanl\u0131k bug\u00fcn yapt\u0131\u011f\u0131 a\u00e7\u0131klamada, \u2018\u2019\u0130\u015fgal, sahadaki infazlar, katliamlar, soyk\u0131r\u0131m ve yerle\u015fim yerlerinin i\u00e7indekilerle birlikte yok edilmesi de dahil olmak \u00fczere sald\u0131rganl\u0131\u011f\u0131n\u0131 \u00e7e\u015fitli bi\u00e7imlerde art\u0131rd\u0131. Gazze \u015eeridi&#8217;nde 98&#8217;inci g\u00fcn\u00fcnde devam eden sald\u0131r\u0131n\u0131n kurbanlar\u0131n\u0131n say\u0131s\u0131 23 bin 708 \u015fehit ve 60 bin 5 yaral\u0131ya ula\u015ft\u0131\u2019\u2019 dedi.<\/p>\n<p style=\"text-align: justify;\">\u0130\u015fgal u\u00e7aklar\u0131n\u0131n Gazze \u015eeridi&#8217;nin merkezindeki Deyr El Balah&#8217;taki Mescid-i Aksa \u015eehitleri Hastanesi yak\u0131n\u0131ndaki bir evi bombalamas\u0131 sonucu en az 6 Filistinli \u015fehit oldu, \u00e7ok say\u0131da ki\u015fi de yaraland\u0131. \u00a0\u0130\u015fgalcilerin Gazze \u015fehrinin g\u00fcneyindeki evlere top\u00e7u ate\u015fi a\u00e7mas\u0131 sonucu 3 Filistinli de \u015fehit oldu.<\/p>\n<p style=\"text-align: justify;\">Gazze \u015eeridi&#8217;nin g\u00fcneyindeki Han Yunus&#8217;ta i\u015fgal u\u00e7aklar\u0131n\u0131n yerle\u015fim yerlerini bombalamas\u0131 sonucu \u00e7ok say\u0131da ki\u015fi \u015fehit oldu, \u00e7ok say\u0131da ki\u015fi de yaraland\u0131. Gazze&#8217;nin El-Sabra mahallesine d\u00fczenlenen i\u015fgal bombard\u0131man\u0131 sonucu \u00e7ok say\u0131da \u015fehit de hayat\u0131n\u0131 kaybetti.<\/p>\n<p style=\"text-align: center;\"><strong><a href=\"https:\/\/t.me\/SuriyeArapHaberAjansI\">Telegram Kanal\u0131m\u0131z\u00a0<\/a>||<a href=\"https:\/\/twitter.com\/arap_ajans\">X Platformumuz\u00a0<\/a>||<a href=\"https:\/\/www.facebook.com\/SANAHaberAjansi\/\">Facebook Sayfam\u0131z<\/a><\/strong><\/p>\n","protected":false},"excerpt":{"rendered":"<p>\u0130\u015eGAL ED\u0130LEN KUD\u00dcS 12 OCAK (SANA) &#8211; Filistin Sa\u011fl\u0131k Bakanl\u0131\u011f\u0131, \u0130srail i\u015fgalinin son 24 saatte 13 katliam ger\u00e7ekle\u015ftirdi\u011fini, 151&#8217;inin \u015fehit, 248&#8217;inin de yaraland\u0131\u011f\u0131n\u0131 a\u00e7\u0131klad\u0131. Bakanl\u0131k bug\u00fcn yapt\u0131\u011f\u0131 a\u00e7\u0131klamada, \u2018\u2019\u0130\u015fgal, sahadaki infazlar, katliamlar, soyk\u0131r\u0131m ve yerle\u015fim yerlerinin i\u00e7indekilerle birlikte yok edilmesi de dahil olmak \u00fczere sald\u0131rganl\u0131\u011f\u0131n\u0131 \u00e7e\u015fitli bi\u00e7imlerde art\u0131rd\u0131. Gazze \u015eeridi&#8217;nde 98&#8217;inci g\u00fcn\u00fcnde devam eden sald\u0131r\u0131n\u0131n &hellip;<\/p>\n","protected":false},"author":1,"featured_media":295085,"comment_status":"closed","ping_status":"closed","sticky":false,"template":"","format":"standard","meta":{"footnotes":""},"categories":[458,459,17988],"tags":[40740,40739],"class_list":["post-295084","post","type-post","status-publish","format-standard","has-post-thumbnail","","category-dunya1","category-haberler-arap-uluslararasi-politika","category-son-haberler","tag-248-yarali","tag-israilin-gazze-seridine-yonelik-saldirganliginin-98inci-gununde-151-sehit"],"_links":{"self":[{"href":"https:\/\/archive.sana.sy\/tr\/index.php?rest_route=\/wp\/v2\/posts\/295084","targetHints":{"allow":["GET"]}}],"collection":[{"href":"https:\/\/archive.sana.sy\/tr\/index.php?rest_route=\/wp\/v2\/posts"}],"about":[{"href":"https:\/\/archive.sana.sy\/tr\/index.php?rest_route=\/wp\/v2\/types\/post"}],"author":[{"embeddable":true,"href":"https:\/\/archive.sana.sy\/tr\/index.php?rest_route=\/wp\/v2\/users\/1"}],"replies":[{"embeddable":true,"href":"https:\/\/archive.sana.sy\/tr\/index.php?rest_route=%2Fwp%2Fv2%2Fcomments&post=295084"}],"version-history":[{"count":1,"href":"https:\/\/archive.sana.sy\/tr\/index.php?rest_route=\/wp\/v2\/posts\/295084\/revisions"}],"predecessor-version":[{"id":295086,"href":"https:\/\/archive.sana.sy\/tr\/index.php?rest_route=\/wp\/v2\/posts\/295084\/revisions\/295086"}],"wp:featuredmedia":[{"embeddable":true,"href":"https:\/\/archive.sana.sy\/tr\/index.php?rest_route=\/wp\/v2\/media\/295085"}],"wp:attachment":[{"href":"https:\/\/archive.sana.sy\/tr\/index.php?rest_route=%2Fwp%2Fv2%2Fmedia&parent=295084"}],"wp:term":[{"taxonomy":"category","embeddable":true,"href":"https:\/\/archive.sana.sy\/tr\/index.php?rest_route=%2Fwp%2Fv2%2Fcategories&post=295084"},{"taxonomy":"post_tag","embeddable":true,"href":"https:\/\/archive.sana.sy\/tr\/index.php?rest_route=%2Fwp%2Fv2%2Ftags&post=295084"}],"curies":[{"name":"wp","href":"https:\/\/api.w.org\/{rel}","templated":true}]}}